{"id":2531,"date":"2025-02-03T21:17:37","date_gmt":"2025-02-03T21:17:37","guid":{"rendered":"https:\/\/gruenebrueggen.de\/?p=2531"},"modified":"2025-02-03T21:17:37","modified_gmt":"2025-02-03T21:17:37","slug":"gruene-stellen-antrag-fuer-reinigung-der-strassenbeleuchtung","status":"publish","type":"post","link":"https:\/\/gruenebrueggen.de\/?p=2531","title":{"rendered":"Gr\u00fcne stellen Antrag f\u00fcr Reinigung der Stra\u00dfenbeleuchtung"},"content":{"rendered":"<p>Mit einem Antrag zur Reinigung der verschmutzten Stra\u00dfenbeleuchtung wollen wir aufzeigen, dass es nicht immer n\u00f6tig ist, mit viel Geld Umgestaltungsma\u00dfnahmen einzuleiten, sondern, dass es auch eine Frage ist, wie sehr man mit einfachen Mitteln die Dinge pflege, die den Charme einer Gemeinde ausmachen k\u00f6nnen und die ebenfalls mit viel Geld vor langer Zeit angeschafft wurden. Dazu geh\u00f6ren nat\u00fcrlich auch die Stra\u00dfenleuchten rund um den Burgwall, der von unseren Besuchern gerne als Anlaufpunkt gew\u00e4hlt wird und somit fester Bestandteil unseres &#8222;Br\u00fcggener Wohnzimmers&#8220; ist. Au\u00dferdem sind Stra\u00dfenleuchten kein Selbstzweck. Sie erh\u00f6hen bei Dunkelheit die Sicherheit, mit der die Gemeinde ihrer Sorgfaltspflicht nachkommen will. &#8222;Der eine oder andere mag jetzt schon das leise Wiehern des Amtsschimmels h\u00f6ren und wir bedauern sehr, dass es f\u00fcr eine solche Selbstverst\u00e4ndlichkeit eines Antrags bedarf. Aber es hat sich herausgestellt, dass ohne Antrag keine Haushaltsmittel durch die Gemeindeverwaltung bereitgestellt werden k\u00f6nnen.&#8220;, kl\u00e4rt Ulrich Deppen, Fraktionsvorsitzender der Ortsgr\u00fcnen Ratsfraktion auf und weiter: &#8222;Vielleicht kann sich ja auch der Rat und die Verwaltung dazu durchringen, dies zum Anlass zu nehmen und in einer gemeinsamen Aktion in unserer Gemeinde den &#8222;Fr\u00fchjahrsputz&#8220; einzuleiten.<\/p>\n<p>Hier geht&#8217;s zum Antrag: <a href=\"https:\/\/gruenebrueggen.de\/wp-content\/uploads\/2025\/01\/Reinigung-Strassenbeleuchtung.pdf\">Reinigung Stra\u00dfenbeleuchtung<\/a><\/p>\n","protected":false},"excerpt":{"rendered":"<p>Mit einem Antrag zur Reinigung der verschmutzten Stra\u00dfenbeleuchtung wollen wir aufzeigen, dass es nicht immer n\u00f6tig ist, mit viel Geld Umgestaltungsma\u00dfnahmen einzuleiten, sondern, dass es auch eine Frage ist, wie\u2026<\/p>\n","protected":false},"author":-1,"featured_media":2532,"comment_status":"closed","ping_status":"open","sticky":false,"template":"","format":"standard","meta":{"footnotes":""},"categories":[5],"tags":[35,67],"class_list":["post-2531","post","type-post","status-publish","format-standard","has-post-thumbnail","hentry","category-aktuelles","tag-alt-brueggen","tag-brueggen"],"yoast_head":"<!-- This site is optimized with the Yoast SEO plugin v24.3 - https:\/\/yoast.com\/wordpress\/plugins\/seo\/ -->\n<title>Gr\u00fcne stellen Antrag f\u00fcr Reinigung der Stra\u00dfenbeleuchtung - Gr\u00fcne Br\u00fcggen<\/title>\n<meta name=\"description\" content=\"Mit einem Antrag zur Reinigung der verschmutzten Stra\u00dfenbeleuchtung wollen wir aufzeigen, dass es nicht immer n\u00f6tig ist, mit viel Geld Umgestaltungsma\u00dfnahmen einzuleiten, sondern, dass es auch eine Frage ist, wie sehr man mit einfachen Mitteln die Dinge pflege, die den Charme einer Gemeinde ausmachen k\u00f6nnen und die ebenfalls mit viel Geld vor langer Zeit angeschafft wurden.\" \/>\n<meta name=\"robots\" content=\"index, follow, max-snippet:-1, max-image-preview:large, max-video-preview:-1\" \/>\n<link rel=\"canonical\" href=\"https:\/\/gruenebrueggen.de\/?p=2531\" \/>\n<meta property=\"og:locale\" content=\"de_DE\" \/>\n<meta property=\"og:type\" content=\"article\" \/>\n<meta property=\"og:title\" content=\"Gr\u00fcne stellen Antrag f\u00fcr Reinigung der Stra\u00dfenbeleuchtung - Gr\u00fcne Br\u00fcggen\" \/>\n<meta property=\"og:description\" content=\"Mit einem Antrag zur Reinigung der verschmutzten Stra\u00dfenbeleuchtung wollen wir aufzeigen, dass es nicht immer n\u00f6tig ist, mit viel Geld Umgestaltungsma\u00dfnahmen einzuleiten, sondern, dass es auch eine Frage ist, wie sehr man mit einfachen Mitteln die Dinge pflege, die den Charme einer Gemeinde ausmachen k\u00f6nnen und die ebenfalls mit viel Geld vor langer Zeit angeschafft wurden.\" \/>\n<meta property=\"og:url\" content=\"https:\/\/gruenebrueggen.de\/?p=2531\" \/>\n<meta property=\"og:site_name\" content=\"Gr\u00fcne Br\u00fcggen\" \/>\n<meta property=\"article:publisher\" content=\"https:\/\/www.facebook.com\/gruene.bbb\/\" \/>\n<meta property=\"article:published_time\" content=\"2025-02-03T21:17:37+00:00\" \/>\n<meta property=\"og:image\" content=\"https:\/\/gruenebrueggen.de\/wp-content\/uploads\/2025\/02\/20250203_154254.jpeg\" \/>\n\t<meta property=\"og:image:width\" content=\"2028\" \/>\n\t<meta property=\"og:image:height\" content=\"2535\" \/>\n\t<meta property=\"og:image:type\" content=\"image\/jpeg\" \/>\n<meta name=\"author\" content=\"Katrin Bui\" \/>\n<meta name=\"twitter:card\" content=\"summary_large_image\" \/>\n<meta name=\"twitter:label1\" content=\"Verfasst von\" \/>\n\t<meta name=\"twitter:data1\" content=\"Katrin Bui\" \/>\n\t<meta name=\"twitter:label2\" content=\"Gesch\u00e4tzte Lesezeit\" \/>\n\t<meta name=\"twitter:data2\" content=\"2\u00a0Minuten\" \/>\n<script type=\"application\/ld+json\" class=\"yoast-schema-graph\">{\"@context\":\"https:\/\/schema.org\",\"@graph\":[{\"@type\":\"Article\",\"@id\":\"https:\/\/gruenebrueggen.de\/?p=2531#article\",\"isPartOf\":{\"@id\":\"https:\/\/gruenebrueggen.de\/?p=2531\"},\"author\":{\"name\":\"Katrin Bui\",\"@id\":\"https:\/\/gruenebrueggen.de\/#\/schema\/person\/8b241c8e15743af59dbf656a9cda1308\"},\"headline\":\"Gr\u00fcne stellen Antrag f\u00fcr Reinigung der Stra\u00dfenbeleuchtung\",\"datePublished\":\"2025-02-03T21:17:37+00:00\",\"dateModified\":\"2025-02-03T21:17:37+00:00\",\"mainEntityOfPage\":{\"@id\":\"https:\/\/gruenebrueggen.de\/?p=2531\"},\"wordCount\":219,\"publisher\":{\"@id\":\"https:\/\/gruenebrueggen.de\/#organization\"},\"image\":{\"@id\":\"https:\/\/gruenebrueggen.de\/?p=2531#primaryimage\"},\"thumbnailUrl\":\"https:\/\/gruenebrueggen.de\/wp-content\/uploads\/2025\/02\/20250203_154254.jpeg\",\"keywords\":[\"Alt-Br\u00fcggen\",\"Br\u00fcggen\"],\"articleSection\":[\"Aktuelles\"],\"inLanguage\":\"de\"},{\"@type\":\"WebPage\",\"@id\":\"https:\/\/gruenebrueggen.de\/?p=2531\",\"url\":\"https:\/\/gruenebrueggen.de\/?p=2531\",\"name\":\"Gr\u00fcne stellen Antrag f\u00fcr Reinigung der Stra\u00dfenbeleuchtung - Gr\u00fcne Br\u00fcggen\",\"isPartOf\":{\"@id\":\"https:\/\/gruenebrueggen.de\/#website\"},\"primaryImageOfPage\":{\"@id\":\"https:\/\/gruenebrueggen.de\/?p=2531#primaryimage\"},\"image\":{\"@id\":\"https:\/\/gruenebrueggen.de\/?p=2531#primaryimage\"},\"thumbnailUrl\":\"https:\/\/gruenebrueggen.de\/wp-content\/uploads\/2025\/02\/20250203_154254.jpeg\",\"datePublished\":\"2025-02-03T21:17:37+00:00\",\"dateModified\":\"2025-02-03T21:17:37+00:00\",\"description\":\"Mit einem Antrag zur Reinigung der verschmutzten Stra\u00dfenbeleuchtung wollen wir aufzeigen, dass es nicht immer n\u00f6tig ist, mit viel Geld Umgestaltungsma\u00dfnahmen einzuleiten, sondern, dass es auch eine Frage ist, wie sehr man mit einfachen Mitteln die Dinge pflege, die den Charme einer Gemeinde ausmachen k\u00f6nnen und die ebenfalls mit viel Geld vor langer Zeit angeschafft wurden.\",\"breadcrumb\":{\"@id\":\"https:\/\/gruenebrueggen.de\/?p=2531#breadcrumb\"},\"inLanguage\":\"de\",\"potentialAction\":[{\"@type\":\"ReadAction\",\"target\":[\"https:\/\/gruenebrueggen.de\/?p=2531\"]}]},{\"@type\":\"ImageObject\",\"inLanguage\":\"de\",\"@id\":\"https:\/\/gruenebrueggen.de\/?p=2531#primaryimage\",\"url\":\"https:\/\/gruenebrueggen.de\/wp-content\/uploads\/2025\/02\/20250203_154254.jpeg\",\"contentUrl\":\"https:\/\/gruenebrueggen.de\/wp-content\/uploads\/2025\/02\/20250203_154254.jpeg\",\"width\":2028,\"height\":2535},{\"@type\":\"BreadcrumbList\",\"@id\":\"https:\/\/gruenebrueggen.de\/?p=2531#breadcrumb\",\"itemListElement\":[{\"@type\":\"ListItem\",\"position\":1,\"name\":\"Startseite\",\"item\":\"https:\/\/gruenebrueggen.de\/\"},{\"@type\":\"ListItem\",\"position\":2,\"name\":\"Gr\u00fcne stellen Antrag f\u00fcr Reinigung der Stra\u00dfenbeleuchtung\"}]},{\"@type\":\"WebSite\",\"@id\":\"https:\/\/gruenebrueggen.de\/#website\",\"url\":\"https:\/\/gruenebrueggen.de\/\",\"name\":\"Gr\u00fcne Br\u00fcggen\",\"description\":\"f\u00fcr Br\u00fcggen, Bracht &amp; Born\",\"publisher\":{\"@id\":\"https:\/\/gruenebrueggen.de\/#organization\"},\"potentialAction\":[{\"@type\":\"SearchAction\",\"target\":{\"@type\":\"EntryPoint\",\"urlTemplate\":\"https:\/\/gruenebrueggen.de\/?s={search_term_string}\"},\"query-input\":{\"@type\":\"PropertyValueSpecification\",\"valueRequired\":true,\"valueName\":\"search_term_string\"}}],\"inLanguage\":\"de\"},{\"@type\":\"Organization\",\"@id\":\"https:\/\/gruenebrueggen.de\/#organization\",\"name\":\"Gr\u00fcne Br\u00fcggen\",\"url\":\"https:\/\/gruenebrueggen.de\/\",\"logo\":{\"@type\":\"ImageObject\",\"inLanguage\":\"de\",\"@id\":\"https:\/\/gruenebrueggen.de\/#\/schema\/logo\/image\/\",\"url\":\"https:\/\/gruenebrueggen.de\/wp-content\/uploads\/2020\/06\/cropped-icon.jpg\",\"contentUrl\":\"https:\/\/gruenebrueggen.de\/wp-content\/uploads\/2020\/06\/cropped-icon.jpg\",\"width\":512,\"height\":512,\"caption\":\"Gr\u00fcne Br\u00fcggen\"},\"image\":{\"@id\":\"https:\/\/gruenebrueggen.de\/#\/schema\/logo\/image\/\"},\"sameAs\":[\"https:\/\/www.facebook.com\/gruene.bbb\/\"]},{\"@type\":\"Person\",\"@id\":\"https:\/\/gruenebrueggen.de\/#\/schema\/person\/8b241c8e15743af59dbf656a9cda1308\",\"name\":\"Katrin Bui\",\"image\":{\"@type\":\"ImageObject\",\"inLanguage\":\"de\",\"@id\":\"https:\/\/gruenebrueggen.de\/#\/schema\/person\/image\/\",\"url\":\"https:\/\/secure.gravatar.com\/avatar\/5decb2bb7b7b6bf1c8f54708d5cf860d9bc8b515b5ace7558912e0e9e4b37960?s=96&d=mm&r=g\",\"contentUrl\":\"https:\/\/secure.gravatar.com\/avatar\/5decb2bb7b7b6bf1c8f54708d5cf860d9bc8b515b5ace7558912e0e9e4b37960?s=96&d=mm&r=g\",\"caption\":\"Katrin Bui\"},\"url\":\"https:\/\/gruenebrueggen.de\/?author=36\"}]}<\/script>\n<!-- \/ Yoast SEO plugin. -->","yoast_head_json":{"title":"Gr\u00fcne stellen Antrag f\u00fcr Reinigung der Stra\u00dfenbeleuchtung - Gr\u00fcne Br\u00fcggen","description":"Mit einem Antrag zur Reinigung der verschmutzten Stra\u00dfenbeleuchtung wollen wir aufzeigen, dass es nicht immer n\u00f6tig ist, mit viel Geld Umgestaltungsma\u00dfnahmen einzuleiten, sondern, dass es auch eine Frage ist, wie sehr man mit einfachen Mitteln die Dinge pflege, die den Charme einer Gemeinde ausmachen k\u00f6nnen und die ebenfalls mit viel Geld vor langer Zeit angeschafft wurden.","robots":{"index":"index","follow":"follow","max-snippet":"max-snippet:-1","max-image-preview":"max-image-preview:large","max-video-preview":"max-video-preview:-1"},"canonical":"https:\/\/gruenebrueggen.de\/?p=2531","og_locale":"de_DE","og_type":"article","og_title":"Gr\u00fcne stellen Antrag f\u00fcr Reinigung der Stra\u00dfenbeleuchtung - Gr\u00fcne Br\u00fcggen","og_description":"Mit einem Antrag zur Reinigung der verschmutzten Stra\u00dfenbeleuchtung wollen wir aufzeigen, dass es nicht immer n\u00f6tig ist, mit viel Geld Umgestaltungsma\u00dfnahmen einzuleiten, sondern, dass es auch eine Frage ist, wie sehr man mit einfachen Mitteln die Dinge pflege, die den Charme einer Gemeinde ausmachen k\u00f6nnen und die ebenfalls mit viel Geld vor langer Zeit angeschafft wurden.","og_url":"https:\/\/gruenebrueggen.de\/?p=2531","og_site_name":"Gr\u00fcne Br\u00fcggen","article_publisher":"https:\/\/www.facebook.com\/gruene.bbb\/","article_published_time":"2025-02-03T21:17:37+00:00","og_image":[{"width":2028,"height":2535,"url":"https:\/\/gruenebrueggen.de\/wp-content\/uploads\/2025\/02\/20250203_154254.jpeg","type":"image\/jpeg"}],"author":"Katrin Bui","twitter_card":"summary_large_image","twitter_misc":{"Verfasst von":"Katrin Bui","Gesch\u00e4tzte Lesezeit":"2\u00a0Minuten"},"schema":{"@context":"https:\/\/schema.org","@graph":[{"@type":"Article","@id":"https:\/\/gruenebrueggen.de\/?p=2531#article","isPartOf":{"@id":"https:\/\/gruenebrueggen.de\/?p=2531"},"author":{"name":"Katrin Bui","@id":"https:\/\/gruenebrueggen.de\/#\/schema\/person\/8b241c8e15743af59dbf656a9cda1308"},"headline":"Gr\u00fcne stellen Antrag f\u00fcr Reinigung der Stra\u00dfenbeleuchtung","datePublished":"2025-02-03T21:17:37+00:00","dateModified":"2025-02-03T21:17:37+00:00","mainEntityOfPage":{"@id":"https:\/\/gruenebrueggen.de\/?p=2531"},"wordCount":219,"publisher":{"@id":"https:\/\/gruenebrueggen.de\/#organization"},"image":{"@id":"https:\/\/gruenebrueggen.de\/?p=2531#primaryimage"},"thumbnailUrl":"https:\/\/gruenebrueggen.de\/wp-content\/uploads\/2025\/02\/20250203_154254.jpeg","keywords":["Alt-Br\u00fcggen","Br\u00fcggen"],"articleSection":["Aktuelles"],"inLanguage":"de"},{"@type":"WebPage","@id":"https:\/\/gruenebrueggen.de\/?p=2531","url":"https:\/\/gruenebrueggen.de\/?p=2531","name":"Gr\u00fcne stellen Antrag f\u00fcr Reinigung der Stra\u00dfenbeleuchtung - Gr\u00fcne Br\u00fcggen","isPartOf":{"@id":"https:\/\/gruenebrueggen.de\/#website"},"primaryImageOfPage":{"@id":"https:\/\/gruenebrueggen.de\/?p=2531#primaryimage"},"image":{"@id":"https:\/\/gruenebrueggen.de\/?p=2531#primaryimage"},"thumbnailUrl":"https:\/\/gruenebrueggen.de\/wp-content\/uploads\/2025\/02\/20250203_154254.jpeg","datePublished":"2025-02-03T21:17:37+00:00","dateModified":"2025-02-03T21:17:37+00:00","description":"Mit einem Antrag zur Reinigung der verschmutzten Stra\u00dfenbeleuchtung wollen wir aufzeigen, dass es nicht immer n\u00f6tig ist, mit viel Geld Umgestaltungsma\u00dfnahmen einzuleiten, sondern, dass es auch eine Frage ist, wie sehr man mit einfachen Mitteln die Dinge pflege, die den Charme einer Gemeinde ausmachen k\u00f6nnen und die ebenfalls mit viel Geld vor langer Zeit angeschafft wurden.","breadcrumb":{"@id":"https:\/\/gruenebrueggen.de\/?p=2531#breadcrumb"},"inLanguage":"de","potentialAction":[{"@type":"ReadAction","target":["https:\/\/gruenebrueggen.de\/?p=2531"]}]},{"@type":"ImageObject","inLanguage":"de","@id":"https:\/\/gruenebrueggen.de\/?p=2531#primaryimage","url":"https:\/\/gruenebrueggen.de\/wp-content\/uploads\/2025\/02\/20250203_154254.jpeg","contentUrl":"https:\/\/gruenebrueggen.de\/wp-content\/uploads\/2025\/02\/20250203_154254.jpeg","width":2028,"height":2535},{"@type":"BreadcrumbList","@id":"https:\/\/gruenebrueggen.de\/?p=2531#breadcrumb","itemListElement":[{"@type":"ListItem","position":1,"name":"Startseite","item":"https:\/\/gruenebrueggen.de\/"},{"@type":"ListItem","position":2,"name":"Gr\u00fcne stellen Antrag f\u00fcr Reinigung der Stra\u00dfenbeleuchtung"}]},{"@type":"WebSite","@id":"https:\/\/gruenebrueggen.de\/#website","url":"https:\/\/gruenebrueggen.de\/","name":"Gr\u00fcne Br\u00fcggen","description":"f\u00fcr Br\u00fcggen, Bracht &amp; Born","publisher":{"@id":"https:\/\/gruenebrueggen.de\/#organization"},"potentialAction":[{"@type":"SearchAction","target":{"@type":"EntryPoint","urlTemplate":"https:\/\/gruenebrueggen.de\/?s={search_term_string}"},"query-input":{"@type":"PropertyValueSpecification","valueRequired":true,"valueName":"search_term_string"}}],"inLanguage":"de"},{"@type":"Organization","@id":"https:\/\/gruenebrueggen.de\/#organization","name":"Gr\u00fcne Br\u00fcggen","url":"https:\/\/gruenebrueggen.de\/","logo":{"@type":"ImageObject","inLanguage":"de","@id":"https:\/\/gruenebrueggen.de\/#\/schema\/logo\/image\/","url":"https:\/\/gruenebrueggen.de\/wp-content\/uploads\/2020\/06\/cropped-icon.jpg","contentUrl":"https:\/\/gruenebrueggen.de\/wp-content\/uploads\/2020\/06\/cropped-icon.jpg","width":512,"height":512,"caption":"Gr\u00fcne Br\u00fcggen"},"image":{"@id":"https:\/\/gruenebrueggen.de\/#\/schema\/logo\/image\/"},"sameAs":["https:\/\/www.facebook.com\/gruene.bbb\/"]},{"@type":"Person","@id":"https:\/\/gruenebrueggen.de\/#\/schema\/person\/8b241c8e15743af59dbf656a9cda1308","name":"Katrin Bui","image":{"@type":"ImageObject","inLanguage":"de","@id":"https:\/\/gruenebrueggen.de\/#\/schema\/person\/image\/","url":"https:\/\/secure.gravatar.com\/avatar\/5decb2bb7b7b6bf1c8f54708d5cf860d9bc8b515b5ace7558912e0e9e4b37960?s=96&d=mm&r=g","contentUrl":"https:\/\/secure.gravatar.com\/avatar\/5decb2bb7b7b6bf1c8f54708d5cf860d9bc8b515b5ace7558912e0e9e4b37960?s=96&d=mm&r=g","caption":"Katrin Bui"},"url":"https:\/\/gruenebrueggen.de\/?author=36"}]}},"_links":{"self":[{"href":"https:\/\/gruenebrueggen.de\/index.php?rest_route=\/wp\/v2\/posts\/2531","targetHints":{"allow":["GET"]}}],"collection":[{"href":"https:\/\/gruenebrueggen.de\/index.php?rest_route=\/wp\/v2\/posts"}],"about":[{"href":"https:\/\/gruenebrueggen.de\/index.php?rest_route=\/wp\/v2\/types\/post"}],"author":[{"embeddable":true,"href":"https:\/\/gruenebrueggen.de\/index.php?rest_route=\/wp\/v2\/users\/36"}],"replies":[{"embeddable":true,"href":"https:\/\/gruenebrueggen.de\/index.php?rest_route=%2Fwp%2Fv2%2Fcomments&post=2531"}],"version-history":[{"count":1,"href":"https:\/\/gruenebrueggen.de\/index.php?rest_route=\/wp\/v2\/posts\/2531\/revisions"}],"predecessor-version":[{"id":2533,"href":"https:\/\/gruenebrueggen.de\/index.php?rest_route=\/wp\/v2\/posts\/2531\/revisions\/2533"}],"wp:featuredmedia":[{"embeddable":true,"href":"https:\/\/gruenebrueggen.de\/index.php?rest_route=\/wp\/v2\/media\/2532"}],"wp:attachment":[{"href":"https:\/\/gruenebrueggen.de\/index.php?rest_route=%2Fwp%2Fv2%2Fmedia&parent=2531"}],"wp:term":[{"taxonomy":"category","embeddable":true,"href":"https:\/\/gruenebrueggen.de\/index.php?rest_route=%2Fwp%2Fv2%2Fcategories&post=2531"},{"taxonomy":"post_tag","embeddable":true,"href":"https:\/\/gruenebrueggen.de\/index.php?rest_route=%2Fwp%2Fv2%2Ftags&post=2531"}],"curies":[{"name":"wp","href":"https:\/\/api.w.org\/{rel}","templated":true}]}}