{"id":2572,"date":"2025-03-30T18:41:00","date_gmt":"2025-03-30T18:41:00","guid":{"rendered":"https:\/\/gruenebrueggen.de\/?p=2572"},"modified":"2025-03-30T18:41:00","modified_gmt":"2025-03-30T18:41:00","slug":"berlin-berlin-wir-fahren-nach-berlin-gruene-aus-den-kreisen-viersen-und-mettmann-besuchen-mdb","status":"publish","type":"post","link":"https:\/\/gruenebrueggen.de\/?p=2572","title":{"rendered":"Berlin, Berlin, wir fahren nach Berlin! Gr\u00fcne aus den Kreisen Viersen und Mettmann besuchen MdB"},"content":{"rendered":"<p>Die Erkenntnis, dass Berlin immer eine Reise wert ist, ist nicht neu und so reisten auf Einladung ihrer Bundestagsabgeordneten Dr. Ophelia Nick 44 Parteifreunde und -freundinnen aus den Kreisen Mettmann und Viersen nach Berlin, um der hohen Politik einmal ein wenig \u00fcber die Schulter zu schauen. Das zweit\u00e4gige Programm, zusammengestellt vom Bundespresseamt (bpa) hatte es in sich: Besuch des Futuriums, einem Museum, dass sich mit der Zukunft besch\u00e4ftigt sowie Vortr\u00e4ge im Ausw\u00e4rtigem Amt und im Bundesministerium f\u00fcr Ern\u00e4hrung und Landwirtschaft (BMEL) und der Ausstellung zur Historie des Deutschen Parlamentarismus im Deutschen Dom auf dem Gendarmenmarkt. Auch die obligatorische Stadtrundfahrt durfte nicht fehlen, die diesmal zu Baudenkm\u00e4lern und Orten f\u00fchrte, die nur von Insidern und Stadtf\u00fchrern angefahren werden, aber nichtsdestotrotz auch f\u00fcr den erfahrenen Berlinbesucher neue Einblicke boten, weil sie ihre ganz eigenen Geschichte oder Anekdoten zu erz\u00e4hlen haben. Nat\u00fcrlich stand auch der Bundestag auf dem Programm. Leider kam uns die Konstituierende Sitzung des neu gew\u00e4hlten Bundestags in die Quere und der Besuch musste entfallen. Daf\u00fcr aber schaffte es Ophelia, gesch\u00e4ftsf\u00fchrende parlamentarische Staatssekret\u00e4rin im BMEL, uns am fr\u00fchen Abend zwischen zwei Terminen Willkommen zu hei\u00dfen. Leider blieb auch ihr wenig Zeit, mit uns in den Austausch zu gehen. F\u00fcr sie stand noch eine Fraktionssitzung auf dem Programm. Berlin ohne Freizeit geht nicht und so standen uns die Abende zur freien Verf\u00fcgung. Wer mochte, flanierte Unter den Linden oder genoss die Ruhe im Nicolaiviertel oder den Trubel auf dem Potsdamer Platz.<\/p>\n<p><a href=\"https:\/\/gruenebrueggen.de\/wp-content\/uploads\/2025\/03\/WhatsApp-Bild-2025-03-24-um-20.27.59_546cc5fc.jpeg\"><img loading=\"lazy\" decoding=\"async\" class=\"alignnone size-medium wp-image-2575\" src=\"https:\/\/gruenebrueggen.de\/wp-content\/uploads\/2025\/03\/WhatsApp-Bild-2025-03-24-um-20.27.59_546cc5fc-400x369.jpeg\" alt=\"\" width=\"400\" height=\"369\" srcset=\"https:\/\/gruenebrueggen.de\/wp-content\/uploads\/2025\/03\/WhatsApp-Bild-2025-03-24-um-20.27.59_546cc5fc-400x369.jpeg 400w, https:\/\/gruenebrueggen.de\/wp-content\/uploads\/2025\/03\/WhatsApp-Bild-2025-03-24-um-20.27.59_546cc5fc-800x737.jpeg 800w, https:\/\/gruenebrueggen.de\/wp-content\/uploads\/2025\/03\/WhatsApp-Bild-2025-03-24-um-20.27.59_546cc5fc-768x708.jpeg 768w, https:\/\/gruenebrueggen.de\/wp-content\/uploads\/2025\/03\/WhatsApp-Bild-2025-03-24-um-20.27.59_546cc5fc.jpeg 930w\" sizes=\"auto, (max-width: 400px) 100vw, 400px\" \/><\/a><\/p>\n<p><a href=\"https:\/\/gruenebrueggen.de\/wp-content\/uploads\/2025\/03\/BPA-Gruppe-1.jpeg\"><img loading=\"lazy\" decoding=\"async\" class=\"alignnone size-medium wp-image-2576\" src=\"https:\/\/gruenebrueggen.de\/wp-content\/uploads\/2025\/03\/BPA-Gruppe-1-400x217.jpeg\" alt=\"\" width=\"400\" height=\"217\" srcset=\"https:\/\/gruenebrueggen.de\/wp-content\/uploads\/2025\/03\/BPA-Gruppe-1-400x217.jpeg 400w, https:\/\/gruenebrueggen.de\/wp-content\/uploads\/2025\/03\/BPA-Gruppe-1-800x435.jpeg 800w, https:\/\/gruenebrueggen.de\/wp-content\/uploads\/2025\/03\/BPA-Gruppe-1-768x418.jpeg 768w, https:\/\/gruenebrueggen.de\/wp-content\/uploads\/2025\/03\/BPA-Gruppe-1-1536x835.jpeg 1536w, https:\/\/gruenebrueggen.de\/wp-content\/uploads\/2025\/03\/BPA-Gruppe-1.jpeg 2016w\" sizes=\"auto, (max-width: 400px) 100vw, 400px\" \/><\/a><\/p>\n","protected":false},"excerpt":{"rendered":"<p>Die Erkenntnis, dass Berlin immer eine Reise wert ist, ist nicht neu und so reisten auf Einladung ihrer Bundestagsabgeordneten Dr. Ophelia Nick 44 Parteifreunde und -freundinnen aus den Kreisen Mettmann\u2026<\/p>\n","protected":false},"author":-1,"featured_media":2574,"comment_status":"closed","ping_status":"open","sticky":false,"template":"","format":"standard","meta":{"footnotes":""},"categories":[5],"tags":[125,126],"class_list":["post-2572","post","type-post","status-publish","format-standard","has-post-thumbnail","hentry","category-aktuelles","tag-berlin","tag-bundestag"],"yoast_head":"<!-- This site is optimized with the Yoast SEO plugin v24.3 - https:\/\/yoast.com\/wordpress\/plugins\/seo\/ -->\n<title>Berlin, Berlin, wir fahren nach Berlin! Gr\u00fcne aus den Kreisen Viersen und Mettmann besuchen MdB - Gr\u00fcne Br\u00fcggen<\/title>\n<meta name=\"description\" content=\"Die Erkenntnis, dass Berlin immer eine Reise wert ist, ist nicht neu und so reisten auf Einladung ihrer Bundestagsabgeordneten Dr. Ophelia Nick 44 Parteifreunde und -freundinnen aus den Kreisen Mettmann und Viersen nach Berlin, um der hohen Politik einmal ein wenig \u00fcber die Schulter zu schauen.\" \/>\n<meta name=\"robots\" content=\"index, follow, max-snippet:-1, max-image-preview:large, max-video-preview:-1\" \/>\n<link rel=\"canonical\" href=\"https:\/\/gruenebrueggen.de\/?p=2572\" \/>\n<meta property=\"og:locale\" content=\"de_DE\" \/>\n<meta property=\"og:type\" content=\"article\" \/>\n<meta property=\"og:title\" content=\"Berlin, Berlin, wir fahren nach Berlin! Gr\u00fcne aus den Kreisen Viersen und Mettmann besuchen MdB - Gr\u00fcne Br\u00fcggen\" \/>\n<meta property=\"og:description\" content=\"Die Erkenntnis, dass Berlin immer eine Reise wert ist, ist nicht neu und so reisten auf Einladung ihrer Bundestagsabgeordneten Dr. Ophelia Nick 44 Parteifreunde und -freundinnen aus den Kreisen Mettmann und Viersen nach Berlin, um der hohen Politik einmal ein wenig \u00fcber die Schulter zu schauen.\" \/>\n<meta property=\"og:url\" content=\"https:\/\/gruenebrueggen.de\/?p=2572\" \/>\n<meta property=\"og:site_name\" content=\"Gr\u00fcne Br\u00fcggen\" \/>\n<meta property=\"article:publisher\" content=\"https:\/\/www.facebook.com\/gruene.bbb\/\" \/>\n<meta property=\"article:published_time\" content=\"2025-03-30T18:41:00+00:00\" \/>\n<meta property=\"og:image\" content=\"https:\/\/gruenebrueggen.de\/wp-content\/uploads\/2025\/03\/20250325_151745-scaled.jpeg\" \/>\n\t<meta property=\"og:image:width\" content=\"2560\" \/>\n\t<meta property=\"og:image:height\" content=\"1578\" \/>\n\t<meta property=\"og:image:type\" content=\"image\/jpeg\" \/>\n<meta name=\"author\" content=\"Katrin Bui\" \/>\n<meta name=\"twitter:card\" content=\"summary_large_image\" \/>\n<meta name=\"twitter:label1\" content=\"Verfasst von\" \/>\n\t<meta name=\"twitter:data1\" content=\"Katrin Bui\" \/>\n\t<meta name=\"twitter:label2\" content=\"Gesch\u00e4tzte Lesezeit\" \/>\n\t<meta name=\"twitter:data2\" content=\"2\u00a0Minuten\" \/>\n<script type=\"application\/ld+json\" class=\"yoast-schema-graph\">{\"@context\":\"https:\/\/schema.org\",\"@graph\":[{\"@type\":\"Article\",\"@id\":\"https:\/\/gruenebrueggen.de\/?p=2572#article\",\"isPartOf\":{\"@id\":\"https:\/\/gruenebrueggen.de\/?p=2572\"},\"author\":{\"name\":\"Katrin Bui\",\"@id\":\"https:\/\/gruenebrueggen.de\/#\/schema\/person\/8b241c8e15743af59dbf656a9cda1308\"},\"headline\":\"Berlin, Berlin, wir fahren nach Berlin! Gr\u00fcne aus den Kreisen Viersen und Mettmann besuchen MdB\",\"datePublished\":\"2025-03-30T18:41:00+00:00\",\"dateModified\":\"2025-03-30T18:41:00+00:00\",\"mainEntityOfPage\":{\"@id\":\"https:\/\/gruenebrueggen.de\/?p=2572\"},\"wordCount\":275,\"publisher\":{\"@id\":\"https:\/\/gruenebrueggen.de\/#organization\"},\"image\":{\"@id\":\"https:\/\/gruenebrueggen.de\/?p=2572#primaryimage\"},\"thumbnailUrl\":\"https:\/\/gruenebrueggen.de\/wp-content\/uploads\/2025\/03\/20250325_151745-scaled.jpeg\",\"keywords\":[\"berlin\",\"bundestag\"],\"articleSection\":[\"Aktuelles\"],\"inLanguage\":\"de\"},{\"@type\":\"WebPage\",\"@id\":\"https:\/\/gruenebrueggen.de\/?p=2572\",\"url\":\"https:\/\/gruenebrueggen.de\/?p=2572\",\"name\":\"Berlin, Berlin, wir fahren nach Berlin! Gr\u00fcne aus den Kreisen Viersen und Mettmann besuchen MdB - Gr\u00fcne Br\u00fcggen\",\"isPartOf\":{\"@id\":\"https:\/\/gruenebrueggen.de\/#website\"},\"primaryImageOfPage\":{\"@id\":\"https:\/\/gruenebrueggen.de\/?p=2572#primaryimage\"},\"image\":{\"@id\":\"https:\/\/gruenebrueggen.de\/?p=2572#primaryimage\"},\"thumbnailUrl\":\"https:\/\/gruenebrueggen.de\/wp-content\/uploads\/2025\/03\/20250325_151745-scaled.jpeg\",\"datePublished\":\"2025-03-30T18:41:00+00:00\",\"dateModified\":\"2025-03-30T18:41:00+00:00\",\"description\":\"Die Erkenntnis, dass Berlin immer eine Reise wert ist, ist nicht neu und so reisten auf Einladung ihrer Bundestagsabgeordneten Dr. Ophelia Nick 44 Parteifreunde und -freundinnen aus den Kreisen Mettmann und Viersen nach Berlin, um der hohen Politik einmal ein wenig \u00fcber die Schulter zu schauen.\",\"breadcrumb\":{\"@id\":\"https:\/\/gruenebrueggen.de\/?p=2572#breadcrumb\"},\"inLanguage\":\"de\",\"potentialAction\":[{\"@type\":\"ReadAction\",\"target\":[\"https:\/\/gruenebrueggen.de\/?p=2572\"]}]},{\"@type\":\"ImageObject\",\"inLanguage\":\"de\",\"@id\":\"https:\/\/gruenebrueggen.de\/?p=2572#primaryimage\",\"url\":\"https:\/\/gruenebrueggen.de\/wp-content\/uploads\/2025\/03\/20250325_151745-scaled.jpeg\",\"contentUrl\":\"https:\/\/gruenebrueggen.de\/wp-content\/uploads\/2025\/03\/20250325_151745-scaled.jpeg\",\"width\":2560,\"height\":1578},{\"@type\":\"BreadcrumbList\",\"@id\":\"https:\/\/gruenebrueggen.de\/?p=2572#breadcrumb\",\"itemListElement\":[{\"@type\":\"ListItem\",\"position\":1,\"name\":\"Startseite\",\"item\":\"https:\/\/gruenebrueggen.de\/\"},{\"@type\":\"ListItem\",\"position\":2,\"name\":\"Berlin, Berlin, wir fahren nach Berlin! Gr\u00fcne aus den Kreisen Viersen und Mettmann besuchen MdB\"}]},{\"@type\":\"WebSite\",\"@id\":\"https:\/\/gruenebrueggen.de\/#website\",\"url\":\"https:\/\/gruenebrueggen.de\/\",\"name\":\"Gr\u00fcne Br\u00fcggen\",\"description\":\"f\u00fcr Br\u00fcggen, Bracht &amp; Born\",\"publisher\":{\"@id\":\"https:\/\/gruenebrueggen.de\/#organization\"},\"potentialAction\":[{\"@type\":\"SearchAction\",\"target\":{\"@type\":\"EntryPoint\",\"urlTemplate\":\"https:\/\/gruenebrueggen.de\/?s={search_term_string}\"},\"query-input\":{\"@type\":\"PropertyValueSpecification\",\"valueRequired\":true,\"valueName\":\"search_term_string\"}}],\"inLanguage\":\"de\"},{\"@type\":\"Organization\",\"@id\":\"https:\/\/gruenebrueggen.de\/#organization\",\"name\":\"Gr\u00fcne Br\u00fcggen\",\"url\":\"https:\/\/gruenebrueggen.de\/\",\"logo\":{\"@type\":\"ImageObject\",\"inLanguage\":\"de\",\"@id\":\"https:\/\/gruenebrueggen.de\/#\/schema\/logo\/image\/\",\"url\":\"https:\/\/gruenebrueggen.de\/wp-content\/uploads\/2020\/06\/cropped-icon.jpg\",\"contentUrl\":\"https:\/\/gruenebrueggen.de\/wp-content\/uploads\/2020\/06\/cropped-icon.jpg\",\"width\":512,\"height\":512,\"caption\":\"Gr\u00fcne Br\u00fcggen\"},\"image\":{\"@id\":\"https:\/\/gruenebrueggen.de\/#\/schema\/logo\/image\/\"},\"sameAs\":[\"https:\/\/www.facebook.com\/gruene.bbb\/\"]},{\"@type\":\"Person\",\"@id\":\"https:\/\/gruenebrueggen.de\/#\/schema\/person\/8b241c8e15743af59dbf656a9cda1308\",\"name\":\"Katrin Bui\",\"image\":{\"@type\":\"ImageObject\",\"inLanguage\":\"de\",\"@id\":\"https:\/\/gruenebrueggen.de\/#\/schema\/person\/image\/\",\"url\":\"https:\/\/secure.gravatar.com\/avatar\/5decb2bb7b7b6bf1c8f54708d5cf860d9bc8b515b5ace7558912e0e9e4b37960?s=96&d=mm&r=g\",\"contentUrl\":\"https:\/\/secure.gravatar.com\/avatar\/5decb2bb7b7b6bf1c8f54708d5cf860d9bc8b515b5ace7558912e0e9e4b37960?s=96&d=mm&r=g\",\"caption\":\"Katrin Bui\"},\"url\":\"https:\/\/gruenebrueggen.de\/?author=36\"}]}<\/script>\n<!-- \/ Yoast SEO plugin. -->","yoast_head_json":{"title":"Berlin, Berlin, wir fahren nach Berlin! Gr\u00fcne aus den Kreisen Viersen und Mettmann besuchen MdB - Gr\u00fcne Br\u00fcggen","description":"Die Erkenntnis, dass Berlin immer eine Reise wert ist, ist nicht neu und so reisten auf Einladung ihrer Bundestagsabgeordneten Dr. Ophelia Nick 44 Parteifreunde und -freundinnen aus den Kreisen Mettmann und Viersen nach Berlin, um der hohen Politik einmal ein wenig \u00fcber die Schulter zu schauen.","robots":{"index":"index","follow":"follow","max-snippet":"max-snippet:-1","max-image-preview":"max-image-preview:large","max-video-preview":"max-video-preview:-1"},"canonical":"https:\/\/gruenebrueggen.de\/?p=2572","og_locale":"de_DE","og_type":"article","og_title":"Berlin, Berlin, wir fahren nach Berlin! Gr\u00fcne aus den Kreisen Viersen und Mettmann besuchen MdB - Gr\u00fcne Br\u00fcggen","og_description":"Die Erkenntnis, dass Berlin immer eine Reise wert ist, ist nicht neu und so reisten auf Einladung ihrer Bundestagsabgeordneten Dr. Ophelia Nick 44 Parteifreunde und -freundinnen aus den Kreisen Mettmann und Viersen nach Berlin, um der hohen Politik einmal ein wenig \u00fcber die Schulter zu schauen.","og_url":"https:\/\/gruenebrueggen.de\/?p=2572","og_site_name":"Gr\u00fcne Br\u00fcggen","article_publisher":"https:\/\/www.facebook.com\/gruene.bbb\/","article_published_time":"2025-03-30T18:41:00+00:00","og_image":[{"width":2560,"height":1578,"url":"https:\/\/gruenebrueggen.de\/wp-content\/uploads\/2025\/03\/20250325_151745-scaled.jpeg","type":"image\/jpeg"}],"author":"Katrin Bui","twitter_card":"summary_large_image","twitter_misc":{"Verfasst von":"Katrin Bui","Gesch\u00e4tzte Lesezeit":"2\u00a0Minuten"},"schema":{"@context":"https:\/\/schema.org","@graph":[{"@type":"Article","@id":"https:\/\/gruenebrueggen.de\/?p=2572#article","isPartOf":{"@id":"https:\/\/gruenebrueggen.de\/?p=2572"},"author":{"name":"Katrin Bui","@id":"https:\/\/gruenebrueggen.de\/#\/schema\/person\/8b241c8e15743af59dbf656a9cda1308"},"headline":"Berlin, Berlin, wir fahren nach Berlin! Gr\u00fcne aus den Kreisen Viersen und Mettmann besuchen MdB","datePublished":"2025-03-30T18:41:00+00:00","dateModified":"2025-03-30T18:41:00+00:00","mainEntityOfPage":{"@id":"https:\/\/gruenebrueggen.de\/?p=2572"},"wordCount":275,"publisher":{"@id":"https:\/\/gruenebrueggen.de\/#organization"},"image":{"@id":"https:\/\/gruenebrueggen.de\/?p=2572#primaryimage"},"thumbnailUrl":"https:\/\/gruenebrueggen.de\/wp-content\/uploads\/2025\/03\/20250325_151745-scaled.jpeg","keywords":["berlin","bundestag"],"articleSection":["Aktuelles"],"inLanguage":"de"},{"@type":"WebPage","@id":"https:\/\/gruenebrueggen.de\/?p=2572","url":"https:\/\/gruenebrueggen.de\/?p=2572","name":"Berlin, Berlin, wir fahren nach Berlin! Gr\u00fcne aus den Kreisen Viersen und Mettmann besuchen MdB - Gr\u00fcne Br\u00fcggen","isPartOf":{"@id":"https:\/\/gruenebrueggen.de\/#website"},"primaryImageOfPage":{"@id":"https:\/\/gruenebrueggen.de\/?p=2572#primaryimage"},"image":{"@id":"https:\/\/gruenebrueggen.de\/?p=2572#primaryimage"},"thumbnailUrl":"https:\/\/gruenebrueggen.de\/wp-content\/uploads\/2025\/03\/20250325_151745-scaled.jpeg","datePublished":"2025-03-30T18:41:00+00:00","dateModified":"2025-03-30T18:41:00+00:00","description":"Die Erkenntnis, dass Berlin immer eine Reise wert ist, ist nicht neu und so reisten auf Einladung ihrer Bundestagsabgeordneten Dr. Ophelia Nick 44 Parteifreunde und -freundinnen aus den Kreisen Mettmann und Viersen nach Berlin, um der hohen Politik einmal ein wenig \u00fcber die Schulter zu schauen.","breadcrumb":{"@id":"https:\/\/gruenebrueggen.de\/?p=2572#breadcrumb"},"inLanguage":"de","potentialAction":[{"@type":"ReadAction","target":["https:\/\/gruenebrueggen.de\/?p=2572"]}]},{"@type":"ImageObject","inLanguage":"de","@id":"https:\/\/gruenebrueggen.de\/?p=2572#primaryimage","url":"https:\/\/gruenebrueggen.de\/wp-content\/uploads\/2025\/03\/20250325_151745-scaled.jpeg","contentUrl":"https:\/\/gruenebrueggen.de\/wp-content\/uploads\/2025\/03\/20250325_151745-scaled.jpeg","width":2560,"height":1578},{"@type":"BreadcrumbList","@id":"https:\/\/gruenebrueggen.de\/?p=2572#breadcrumb","itemListElement":[{"@type":"ListItem","position":1,"name":"Startseite","item":"https:\/\/gruenebrueggen.de\/"},{"@type":"ListItem","position":2,"name":"Berlin, Berlin, wir fahren nach Berlin! Gr\u00fcne aus den Kreisen Viersen und Mettmann besuchen MdB"}]},{"@type":"WebSite","@id":"https:\/\/gruenebrueggen.de\/#website","url":"https:\/\/gruenebrueggen.de\/","name":"Gr\u00fcne Br\u00fcggen","description":"f\u00fcr Br\u00fcggen, Bracht &amp; Born","publisher":{"@id":"https:\/\/gruenebrueggen.de\/#organization"},"potentialAction":[{"@type":"SearchAction","target":{"@type":"EntryPoint","urlTemplate":"https:\/\/gruenebrueggen.de\/?s={search_term_string}"},"query-input":{"@type":"PropertyValueSpecification","valueRequired":true,"valueName":"search_term_string"}}],"inLanguage":"de"},{"@type":"Organization","@id":"https:\/\/gruenebrueggen.de\/#organization","name":"Gr\u00fcne Br\u00fcggen","url":"https:\/\/gruenebrueggen.de\/","logo":{"@type":"ImageObject","inLanguage":"de","@id":"https:\/\/gruenebrueggen.de\/#\/schema\/logo\/image\/","url":"https:\/\/gruenebrueggen.de\/wp-content\/uploads\/2020\/06\/cropped-icon.jpg","contentUrl":"https:\/\/gruenebrueggen.de\/wp-content\/uploads\/2020\/06\/cropped-icon.jpg","width":512,"height":512,"caption":"Gr\u00fcne Br\u00fcggen"},"image":{"@id":"https:\/\/gruenebrueggen.de\/#\/schema\/logo\/image\/"},"sameAs":["https:\/\/www.facebook.com\/gruene.bbb\/"]},{"@type":"Person","@id":"https:\/\/gruenebrueggen.de\/#\/schema\/person\/8b241c8e15743af59dbf656a9cda1308","name":"Katrin Bui","image":{"@type":"ImageObject","inLanguage":"de","@id":"https:\/\/gruenebrueggen.de\/#\/schema\/person\/image\/","url":"https:\/\/secure.gravatar.com\/avatar\/5decb2bb7b7b6bf1c8f54708d5cf860d9bc8b515b5ace7558912e0e9e4b37960?s=96&d=mm&r=g","contentUrl":"https:\/\/secure.gravatar.com\/avatar\/5decb2bb7b7b6bf1c8f54708d5cf860d9bc8b515b5ace7558912e0e9e4b37960?s=96&d=mm&r=g","caption":"Katrin Bui"},"url":"https:\/\/gruenebrueggen.de\/?author=36"}]}},"_links":{"self":[{"href":"https:\/\/gruenebrueggen.de\/index.php?rest_route=\/wp\/v2\/posts\/2572","targetHints":{"allow":["GET"]}}],"collection":[{"href":"https:\/\/gruenebrueggen.de\/index.php?rest_route=\/wp\/v2\/posts"}],"about":[{"href":"https:\/\/gruenebrueggen.de\/index.php?rest_route=\/wp\/v2\/types\/post"}],"author":[{"embeddable":true,"href":"https:\/\/gruenebrueggen.de\/index.php?rest_route=\/wp\/v2\/users\/36"}],"replies":[{"embeddable":true,"href":"https:\/\/gruenebrueggen.de\/index.php?rest_route=%2Fwp%2Fv2%2Fcomments&post=2572"}],"version-history":[{"count":1,"href":"https:\/\/gruenebrueggen.de\/index.php?rest_route=\/wp\/v2\/posts\/2572\/revisions"}],"predecessor-version":[{"id":2577,"href":"https:\/\/gruenebrueggen.de\/index.php?rest_route=\/wp\/v2\/posts\/2572\/revisions\/2577"}],"wp:featuredmedia":[{"embeddable":true,"href":"https:\/\/gruenebrueggen.de\/index.php?rest_route=\/wp\/v2\/media\/2574"}],"wp:attachment":[{"href":"https:\/\/gruenebrueggen.de\/index.php?rest_route=%2Fwp%2Fv2%2Fmedia&parent=2572"}],"wp:term":[{"taxonomy":"category","embeddable":true,"href":"https:\/\/gruenebrueggen.de\/index.php?rest_route=%2Fwp%2Fv2%2Fcategories&post=2572"},{"taxonomy":"post_tag","embeddable":true,"href":"https:\/\/gruenebrueggen.de\/index.php?rest_route=%2Fwp%2Fv2%2Ftags&post=2572"}],"curies":[{"name":"wp","href":"https:\/\/api.w.org\/{rel}","templated":true}]}}