{"id":2578,"date":"2025-03-30T19:52:11","date_gmt":"2025-03-30T19:52:11","guid":{"rendered":"https:\/\/gruenebrueggen.de\/?p=2578"},"modified":"2025-03-30T19:52:11","modified_gmt":"2025-03-30T19:52:11","slug":"gruene-brueggen-und-die-kommunalwahl-2025","status":"publish","type":"post","link":"https:\/\/gruenebrueggen.de\/?p=2578","title":{"rendered":"Gr\u00fcne Br\u00fcggen und die Kommunalwahl 2025"},"content":{"rendered":"<p class=\"\" data-start=\"57\" data-end=\"369\">Es ist viel los, auch in der Br\u00fcggener Politik!<\/p>\n<p class=\"\" data-start=\"57\" data-end=\"369\">Im Rahmen eines Workshops der Gr\u00fcnen haben wir uns in geselliger Runde \u00fcber die Zukunft unserer Gemeinde Gedanken gemacht. Wir uns gefragt: Was brauchen die Menschen hier vor Ort, und was fehlt noch, um Br\u00fcggen, Bracht und Born fit f\u00fcr die Zukunft zu machen?<\/p>\n<p class=\"\" data-start=\"371\" data-end=\"767\">Dabei sind einige spannende und zukunftsweisende Ideen entstanden. Es ging um Themen wie die Verbesserung der Infrastruktur, mehr Angebote f\u00fcr junge Familien, nachhaltige Ortsentwicklung und eine st\u00e4rkere F\u00f6rderung der lokalen Kultur- und Vereinslandschaft.<\/p>\n<p class=\"\" data-start=\"769\" data-end=\"1006\">Mit einigen Vorschl\u00e4gen und Visionen gehen wir nun in den kommenden Kommunalwahlkampf und freuen uns darauf, das Feedback der Mitb\u00fcrgerinnen und Mitb\u00fcrger zu h\u00f6ren um unsere Gemeinde gemeinsam vorw\u00e4rts zu bringen. Lasst uns gemeinsam daf\u00fcr sorgen, dass unsere Burggemeinde lebenswert bleibt.<\/p>\n<p><a href=\"https:\/\/gruenebrueggen.de\/wp-content\/uploads\/2025\/03\/IMG_2704-scaled.jpeg\"><img loading=\"lazy\" decoding=\"async\" class=\"alignnone size-medium wp-image-2582\" src=\"https:\/\/gruenebrueggen.de\/wp-content\/uploads\/2025\/03\/IMG_2704-400x533.jpeg\" alt=\"\" width=\"400\" height=\"533\" srcset=\"https:\/\/gruenebrueggen.de\/wp-content\/uploads\/2025\/03\/IMG_2704-400x533.jpeg 400w, https:\/\/gruenebrueggen.de\/wp-content\/uploads\/2025\/03\/IMG_2704-800x1067.jpeg 800w, https:\/\/gruenebrueggen.de\/wp-content\/uploads\/2025\/03\/IMG_2704-768x1024.jpeg 768w, https:\/\/gruenebrueggen.de\/wp-content\/uploads\/2025\/03\/IMG_2704-1152x1536.jpeg 1152w, https:\/\/gruenebrueggen.de\/wp-content\/uploads\/2025\/03\/IMG_2704-1536x2048.jpeg 1536w, https:\/\/gruenebrueggen.de\/wp-content\/uploads\/2025\/03\/IMG_2704-scaled.jpeg 1920w\" sizes=\"auto, (max-width: 400px) 100vw, 400px\" \/><\/a><\/p>\n<p>&nbsp;<\/p>\n<p>&nbsp;<\/p>\n","protected":false},"excerpt":{"rendered":"<p>Es ist viel los, auch in der Br\u00fcggener Politik! Im Rahmen eines Workshops der Gr\u00fcnen haben wir uns in geselliger Runde \u00fcber die Zukunft unserer Gemeinde Gedanken gemacht. Wir uns\u2026<\/p>\n","protected":false},"author":-1,"featured_media":2580,"comment_status":"closed","ping_status":"open","sticky":false,"template":"","format":"standard","meta":{"footnotes":""},"categories":[5],"tags":[33,30,67,65],"class_list":["post-2578","post","type-post","status-publish","format-standard","has-post-thumbnail","hentry","category-aktuelles","tag-born","tag-bracht","tag-brueggen","tag-kommunalwahl"],"yoast_head":"<!-- This site is optimized with the Yoast SEO plugin v24.3 - https:\/\/yoast.com\/wordpress\/plugins\/seo\/ -->\n<title>Gr\u00fcne Br\u00fcggen und die Kommunalwahl 2025 - Gr\u00fcne Br\u00fcggen<\/title>\n<meta name=\"description\" content=\"Im Rahmen eines Workshops der Gr\u00fcnen haben wir uns in geselliger Runde \u00fcber die Zukunft unserer Gemeinde Gedanken gemacht.\" \/>\n<meta name=\"robots\" content=\"index, follow, max-snippet:-1, max-image-preview:large, max-video-preview:-1\" \/>\n<link rel=\"canonical\" href=\"https:\/\/gruenebrueggen.de\/?p=2578\" \/>\n<meta property=\"og:locale\" content=\"de_DE\" \/>\n<meta property=\"og:type\" content=\"article\" \/>\n<meta property=\"og:title\" content=\"Gr\u00fcne Br\u00fcggen und die Kommunalwahl 2025 - Gr\u00fcne Br\u00fcggen\" \/>\n<meta property=\"og:description\" content=\"Im Rahmen eines Workshops der Gr\u00fcnen haben wir uns in geselliger Runde \u00fcber die Zukunft unserer Gemeinde Gedanken gemacht.\" \/>\n<meta property=\"og:url\" content=\"https:\/\/gruenebrueggen.de\/?p=2578\" \/>\n<meta property=\"og:site_name\" content=\"Gr\u00fcne Br\u00fcggen\" \/>\n<meta property=\"article:publisher\" content=\"https:\/\/www.facebook.com\/gruene.bbb\/\" \/>\n<meta property=\"article:published_time\" content=\"2025-03-30T19:52:11+00:00\" \/>\n<meta property=\"og:image\" content=\"https:\/\/gruenebrueggen.de\/wp-content\/uploads\/2025\/03\/IMG_2702-scaled.jpeg\" \/>\n\t<meta property=\"og:image:width\" content=\"2560\" \/>\n\t<meta property=\"og:image:height\" content=\"1090\" \/>\n\t<meta property=\"og:image:type\" content=\"image\/jpeg\" \/>\n<meta name=\"author\" content=\"Katrin Bui\" \/>\n<meta name=\"twitter:card\" content=\"summary_large_image\" \/>\n<meta name=\"twitter:label1\" content=\"Verfasst von\" \/>\n\t<meta name=\"twitter:data1\" content=\"Katrin Bui\" \/>\n\t<meta name=\"twitter:label2\" content=\"Gesch\u00e4tzte Lesezeit\" \/>\n\t<meta name=\"twitter:data2\" content=\"2\u00a0Minuten\" \/>\n<script type=\"application\/ld+json\" class=\"yoast-schema-graph\">{\"@context\":\"https:\/\/schema.org\",\"@graph\":[{\"@type\":\"Article\",\"@id\":\"https:\/\/gruenebrueggen.de\/?p=2578#article\",\"isPartOf\":{\"@id\":\"https:\/\/gruenebrueggen.de\/?p=2578\"},\"author\":{\"name\":\"Katrin Bui\",\"@id\":\"https:\/\/gruenebrueggen.de\/#\/schema\/person\/8b241c8e15743af59dbf656a9cda1308\"},\"headline\":\"Gr\u00fcne Br\u00fcggen und die Kommunalwahl 2025\",\"datePublished\":\"2025-03-30T19:52:11+00:00\",\"dateModified\":\"2025-03-30T19:52:11+00:00\",\"mainEntityOfPage\":{\"@id\":\"https:\/\/gruenebrueggen.de\/?p=2578\"},\"wordCount\":149,\"publisher\":{\"@id\":\"https:\/\/gruenebrueggen.de\/#organization\"},\"image\":{\"@id\":\"https:\/\/gruenebrueggen.de\/?p=2578#primaryimage\"},\"thumbnailUrl\":\"https:\/\/gruenebrueggen.de\/wp-content\/uploads\/2025\/03\/IMG_2702-scaled.jpeg\",\"keywords\":[\"Born\",\"Bracht\",\"Br\u00fcggen\",\"Kommunalwahl\"],\"articleSection\":[\"Aktuelles\"],\"inLanguage\":\"de\"},{\"@type\":\"WebPage\",\"@id\":\"https:\/\/gruenebrueggen.de\/?p=2578\",\"url\":\"https:\/\/gruenebrueggen.de\/?p=2578\",\"name\":\"Gr\u00fcne Br\u00fcggen und die Kommunalwahl 2025 - Gr\u00fcne Br\u00fcggen\",\"isPartOf\":{\"@id\":\"https:\/\/gruenebrueggen.de\/#website\"},\"primaryImageOfPage\":{\"@id\":\"https:\/\/gruenebrueggen.de\/?p=2578#primaryimage\"},\"image\":{\"@id\":\"https:\/\/gruenebrueggen.de\/?p=2578#primaryimage\"},\"thumbnailUrl\":\"https:\/\/gruenebrueggen.de\/wp-content\/uploads\/2025\/03\/IMG_2702-scaled.jpeg\",\"datePublished\":\"2025-03-30T19:52:11+00:00\",\"dateModified\":\"2025-03-30T19:52:11+00:00\",\"description\":\"Im Rahmen eines Workshops der Gr\u00fcnen haben wir uns in geselliger Runde \u00fcber die Zukunft unserer Gemeinde Gedanken gemacht.\",\"breadcrumb\":{\"@id\":\"https:\/\/gruenebrueggen.de\/?p=2578#breadcrumb\"},\"inLanguage\":\"de\",\"potentialAction\":[{\"@type\":\"ReadAction\",\"target\":[\"https:\/\/gruenebrueggen.de\/?p=2578\"]}]},{\"@type\":\"ImageObject\",\"inLanguage\":\"de\",\"@id\":\"https:\/\/gruenebrueggen.de\/?p=2578#primaryimage\",\"url\":\"https:\/\/gruenebrueggen.de\/wp-content\/uploads\/2025\/03\/IMG_2702-scaled.jpeg\",\"contentUrl\":\"https:\/\/gruenebrueggen.de\/wp-content\/uploads\/2025\/03\/IMG_2702-scaled.jpeg\",\"width\":2560,\"height\":1090},{\"@type\":\"BreadcrumbList\",\"@id\":\"https:\/\/gruenebrueggen.de\/?p=2578#breadcrumb\",\"itemListElement\":[{\"@type\":\"ListItem\",\"position\":1,\"name\":\"Startseite\",\"item\":\"https:\/\/gruenebrueggen.de\/\"},{\"@type\":\"ListItem\",\"position\":2,\"name\":\"Gr\u00fcne Br\u00fcggen und die Kommunalwahl 2025\"}]},{\"@type\":\"WebSite\",\"@id\":\"https:\/\/gruenebrueggen.de\/#website\",\"url\":\"https:\/\/gruenebrueggen.de\/\",\"name\":\"Gr\u00fcne Br\u00fcggen\",\"description\":\"f\u00fcr Br\u00fcggen, Bracht &amp; Born\",\"publisher\":{\"@id\":\"https:\/\/gruenebrueggen.de\/#organization\"},\"potentialAction\":[{\"@type\":\"SearchAction\",\"target\":{\"@type\":\"EntryPoint\",\"urlTemplate\":\"https:\/\/gruenebrueggen.de\/?s={search_term_string}\"},\"query-input\":{\"@type\":\"PropertyValueSpecification\",\"valueRequired\":true,\"valueName\":\"search_term_string\"}}],\"inLanguage\":\"de\"},{\"@type\":\"Organization\",\"@id\":\"https:\/\/gruenebrueggen.de\/#organization\",\"name\":\"Gr\u00fcne Br\u00fcggen\",\"url\":\"https:\/\/gruenebrueggen.de\/\",\"logo\":{\"@type\":\"ImageObject\",\"inLanguage\":\"de\",\"@id\":\"https:\/\/gruenebrueggen.de\/#\/schema\/logo\/image\/\",\"url\":\"https:\/\/gruenebrueggen.de\/wp-content\/uploads\/2020\/06\/cropped-icon.jpg\",\"contentUrl\":\"https:\/\/gruenebrueggen.de\/wp-content\/uploads\/2020\/06\/cropped-icon.jpg\",\"width\":512,\"height\":512,\"caption\":\"Gr\u00fcne Br\u00fcggen\"},\"image\":{\"@id\":\"https:\/\/gruenebrueggen.de\/#\/schema\/logo\/image\/\"},\"sameAs\":[\"https:\/\/www.facebook.com\/gruene.bbb\/\"]},{\"@type\":\"Person\",\"@id\":\"https:\/\/gruenebrueggen.de\/#\/schema\/person\/8b241c8e15743af59dbf656a9cda1308\",\"name\":\"Katrin Bui\",\"image\":{\"@type\":\"ImageObject\",\"inLanguage\":\"de\",\"@id\":\"https:\/\/gruenebrueggen.de\/#\/schema\/person\/image\/\",\"url\":\"https:\/\/secure.gravatar.com\/avatar\/5decb2bb7b7b6bf1c8f54708d5cf860d9bc8b515b5ace7558912e0e9e4b37960?s=96&d=mm&r=g\",\"contentUrl\":\"https:\/\/secure.gravatar.com\/avatar\/5decb2bb7b7b6bf1c8f54708d5cf860d9bc8b515b5ace7558912e0e9e4b37960?s=96&d=mm&r=g\",\"caption\":\"Katrin Bui\"},\"url\":\"https:\/\/gruenebrueggen.de\/?author=36\"}]}<\/script>\n<!-- \/ Yoast SEO plugin. -->","yoast_head_json":{"title":"Gr\u00fcne Br\u00fcggen und die Kommunalwahl 2025 - Gr\u00fcne Br\u00fcggen","description":"Im Rahmen eines Workshops der Gr\u00fcnen haben wir uns in geselliger Runde \u00fcber die Zukunft unserer Gemeinde Gedanken gemacht.","robots":{"index":"index","follow":"follow","max-snippet":"max-snippet:-1","max-image-preview":"max-image-preview:large","max-video-preview":"max-video-preview:-1"},"canonical":"https:\/\/gruenebrueggen.de\/?p=2578","og_locale":"de_DE","og_type":"article","og_title":"Gr\u00fcne Br\u00fcggen und die Kommunalwahl 2025 - Gr\u00fcne Br\u00fcggen","og_description":"Im Rahmen eines Workshops der Gr\u00fcnen haben wir uns in geselliger Runde \u00fcber die Zukunft unserer Gemeinde Gedanken gemacht.","og_url":"https:\/\/gruenebrueggen.de\/?p=2578","og_site_name":"Gr\u00fcne Br\u00fcggen","article_publisher":"https:\/\/www.facebook.com\/gruene.bbb\/","article_published_time":"2025-03-30T19:52:11+00:00","og_image":[{"width":2560,"height":1090,"url":"https:\/\/gruenebrueggen.de\/wp-content\/uploads\/2025\/03\/IMG_2702-scaled.jpeg","type":"image\/jpeg"}],"author":"Katrin Bui","twitter_card":"summary_large_image","twitter_misc":{"Verfasst von":"Katrin Bui","Gesch\u00e4tzte Lesezeit":"2\u00a0Minuten"},"schema":{"@context":"https:\/\/schema.org","@graph":[{"@type":"Article","@id":"https:\/\/gruenebrueggen.de\/?p=2578#article","isPartOf":{"@id":"https:\/\/gruenebrueggen.de\/?p=2578"},"author":{"name":"Katrin Bui","@id":"https:\/\/gruenebrueggen.de\/#\/schema\/person\/8b241c8e15743af59dbf656a9cda1308"},"headline":"Gr\u00fcne Br\u00fcggen und die Kommunalwahl 2025","datePublished":"2025-03-30T19:52:11+00:00","dateModified":"2025-03-30T19:52:11+00:00","mainEntityOfPage":{"@id":"https:\/\/gruenebrueggen.de\/?p=2578"},"wordCount":149,"publisher":{"@id":"https:\/\/gruenebrueggen.de\/#organization"},"image":{"@id":"https:\/\/gruenebrueggen.de\/?p=2578#primaryimage"},"thumbnailUrl":"https:\/\/gruenebrueggen.de\/wp-content\/uploads\/2025\/03\/IMG_2702-scaled.jpeg","keywords":["Born","Bracht","Br\u00fcggen","Kommunalwahl"],"articleSection":["Aktuelles"],"inLanguage":"de"},{"@type":"WebPage","@id":"https:\/\/gruenebrueggen.de\/?p=2578","url":"https:\/\/gruenebrueggen.de\/?p=2578","name":"Gr\u00fcne Br\u00fcggen und die Kommunalwahl 2025 - Gr\u00fcne Br\u00fcggen","isPartOf":{"@id":"https:\/\/gruenebrueggen.de\/#website"},"primaryImageOfPage":{"@id":"https:\/\/gruenebrueggen.de\/?p=2578#primaryimage"},"image":{"@id":"https:\/\/gruenebrueggen.de\/?p=2578#primaryimage"},"thumbnailUrl":"https:\/\/gruenebrueggen.de\/wp-content\/uploads\/2025\/03\/IMG_2702-scaled.jpeg","datePublished":"2025-03-30T19:52:11+00:00","dateModified":"2025-03-30T19:52:11+00:00","description":"Im Rahmen eines Workshops der Gr\u00fcnen haben wir uns in geselliger Runde \u00fcber die Zukunft unserer Gemeinde Gedanken gemacht.","breadcrumb":{"@id":"https:\/\/gruenebrueggen.de\/?p=2578#breadcrumb"},"inLanguage":"de","potentialAction":[{"@type":"ReadAction","target":["https:\/\/gruenebrueggen.de\/?p=2578"]}]},{"@type":"ImageObject","inLanguage":"de","@id":"https:\/\/gruenebrueggen.de\/?p=2578#primaryimage","url":"https:\/\/gruenebrueggen.de\/wp-content\/uploads\/2025\/03\/IMG_2702-scaled.jpeg","contentUrl":"https:\/\/gruenebrueggen.de\/wp-content\/uploads\/2025\/03\/IMG_2702-scaled.jpeg","width":2560,"height":1090},{"@type":"BreadcrumbList","@id":"https:\/\/gruenebrueggen.de\/?p=2578#breadcrumb","itemListElement":[{"@type":"ListItem","position":1,"name":"Startseite","item":"https:\/\/gruenebrueggen.de\/"},{"@type":"ListItem","position":2,"name":"Gr\u00fcne Br\u00fcggen und die Kommunalwahl 2025"}]},{"@type":"WebSite","@id":"https:\/\/gruenebrueggen.de\/#website","url":"https:\/\/gruenebrueggen.de\/","name":"Gr\u00fcne Br\u00fcggen","description":"f\u00fcr Br\u00fcggen, Bracht &amp; Born","publisher":{"@id":"https:\/\/gruenebrueggen.de\/#organization"},"potentialAction":[{"@type":"SearchAction","target":{"@type":"EntryPoint","urlTemplate":"https:\/\/gruenebrueggen.de\/?s={search_term_string}"},"query-input":{"@type":"PropertyValueSpecification","valueRequired":true,"valueName":"search_term_string"}}],"inLanguage":"de"},{"@type":"Organization","@id":"https:\/\/gruenebrueggen.de\/#organization","name":"Gr\u00fcne Br\u00fcggen","url":"https:\/\/gruenebrueggen.de\/","logo":{"@type":"ImageObject","inLanguage":"de","@id":"https:\/\/gruenebrueggen.de\/#\/schema\/logo\/image\/","url":"https:\/\/gruenebrueggen.de\/wp-content\/uploads\/2020\/06\/cropped-icon.jpg","contentUrl":"https:\/\/gruenebrueggen.de\/wp-content\/uploads\/2020\/06\/cropped-icon.jpg","width":512,"height":512,"caption":"Gr\u00fcne Br\u00fcggen"},"image":{"@id":"https:\/\/gruenebrueggen.de\/#\/schema\/logo\/image\/"},"sameAs":["https:\/\/www.facebook.com\/gruene.bbb\/"]},{"@type":"Person","@id":"https:\/\/gruenebrueggen.de\/#\/schema\/person\/8b241c8e15743af59dbf656a9cda1308","name":"Katrin Bui","image":{"@type":"ImageObject","inLanguage":"de","@id":"https:\/\/gruenebrueggen.de\/#\/schema\/person\/image\/","url":"https:\/\/secure.gravatar.com\/avatar\/5decb2bb7b7b6bf1c8f54708d5cf860d9bc8b515b5ace7558912e0e9e4b37960?s=96&d=mm&r=g","contentUrl":"https:\/\/secure.gravatar.com\/avatar\/5decb2bb7b7b6bf1c8f54708d5cf860d9bc8b515b5ace7558912e0e9e4b37960?s=96&d=mm&r=g","caption":"Katrin Bui"},"url":"https:\/\/gruenebrueggen.de\/?author=36"}]}},"_links":{"self":[{"href":"https:\/\/gruenebrueggen.de\/index.php?rest_route=\/wp\/v2\/posts\/2578","targetHints":{"allow":["GET"]}}],"collection":[{"href":"https:\/\/gruenebrueggen.de\/index.php?rest_route=\/wp\/v2\/posts"}],"about":[{"href":"https:\/\/gruenebrueggen.de\/index.php?rest_route=\/wp\/v2\/types\/post"}],"author":[{"embeddable":true,"href":"https:\/\/gruenebrueggen.de\/index.php?rest_route=\/wp\/v2\/users\/36"}],"replies":[{"embeddable":true,"href":"https:\/\/gruenebrueggen.de\/index.php?rest_route=%2Fwp%2Fv2%2Fcomments&post=2578"}],"version-history":[{"count":2,"href":"https:\/\/gruenebrueggen.de\/index.php?rest_route=\/wp\/v2\/posts\/2578\/revisions"}],"predecessor-version":[{"id":2583,"href":"https:\/\/gruenebrueggen.de\/index.php?rest_route=\/wp\/v2\/posts\/2578\/revisions\/2583"}],"wp:featuredmedia":[{"embeddable":true,"href":"https:\/\/gruenebrueggen.de\/index.php?rest_route=\/wp\/v2\/media\/2580"}],"wp:attachment":[{"href":"https:\/\/gruenebrueggen.de\/index.php?rest_route=%2Fwp%2Fv2%2Fmedia&parent=2578"}],"wp:term":[{"taxonomy":"category","embeddable":true,"href":"https:\/\/gruenebrueggen.de\/index.php?rest_route=%2Fwp%2Fv2%2Fcategories&post=2578"},{"taxonomy":"post_tag","embeddable":true,"href":"https:\/\/gruenebrueggen.de\/index.php?rest_route=%2Fwp%2Fv2%2Ftags&post=2578"}],"curies":[{"name":"wp","href":"https:\/\/api.w.org\/{rel}","templated":true}]}}