{"id":2711,"date":"2025-09-15T20:28:16","date_gmt":"2025-09-15T20:28:16","guid":{"rendered":"https:\/\/gruenebrueggen.de\/?p=2711"},"modified":"2025-09-15T20:28:18","modified_gmt":"2025-09-15T20:28:18","slug":"rueckschau-tierschutz-eine-stimme-geben-mit-ophelia-nick-und-jens-christian-winkler","status":"publish","type":"post","link":"https:\/\/gruenebrueggen.de\/?p=2711","title":{"rendered":"R\u00fcckschau: Tierschutz eine Stimme geben &#8211; mit Ophelia Nick und Jens-Christian Winkler"},"content":{"rendered":"\n<p>Am 01.09.2025 lud der Ortsverband Br\u00fcggen zu einer Veranstaltung unter der \u00dcberschrift \u201eTierschutz eine Stimme geben\u201c ein. Gekommen waren als Referenten Dr. Ophelia Nick, MdB und in der \u201eAmpel\u201c parlamentarische Staatssekret\u00e4rin im Bundesministerium f\u00fcr Landwirtschaft und Ern\u00e4hrung sowie Dr. Jens-Christian Winkler, Landratskandidat der Gr\u00fcnen im Kreis und im Kreistag Ausschussvorsitzender des Ausschusses f\u00fcr Verbraucherschutz, Ordnung und Rettungswesen\u201c, in dessen Zust\u00e4ndigkeit auch der Tierschutz im Kreis geh\u00f6rt.<\/p>\n\n\n\n<p>In seiner Begr\u00fc\u00dfung machte Ulrich Deppen, Vorsitzender des Ortsverbandes, deutlich, was auch unter den Rahmenbedingungen eines Kommunalwahlkampfes von dieser Thematik zu erwarten ist. \u201eImmer wieder erleben wir es, dass wir im Wahlkampf von W\u00e4hler und W\u00e4hlerinnen offensichtlich als die politische Partei wahrgenommen werden, die den Genuss von Fleisch der Bev\u00f6lkerung verbieten m\u00f6chte. Und das rechtsextreme bis -konservative Parteienspektrum wird nicht m\u00fcde, mit dieser unwahren und unbegr\u00fcndeten Behauptung das Narrativ einer Verbotspartei st\u00e4ndig neu zu bespielen. Wir k\u00f6nnen dem nur Aufkl\u00e4rungsarbeit entgegenstellen und in Veranstaltungen wie dieser deutlich machen, dass wir niemanden bevormunden wollen. Dass wir aber Tiere sehr wohl als Mitlebewesen begreifen, denen man eine Stimme geben muss. Uns ist wichtig, Tierleid oder gar Tierqualen nicht zuzulassen.\u201c<\/p>\n\n\n\n<p>Beiden, Ophelia Nick und Jens-Christian Winkler, war von Beginn deutlich an anzumerken, mit wie viel Leidenschaft sie sich Tierschutz und Tierwohl \u201eauf die Fahnen\u201c geschrieben haben. Nach einer kleinen Vorstellungsrunde berichtete Ophelia Nick aus ihrer dreij\u00e4hrigen Amtszeit als Staatssekret\u00e4rin und wie sie dabei die Ampel und ihre Koalition\u00e4re in Bezug auf Landwirtschaft und Ern\u00e4hrung wahrgenommen hat. Letztendlich bedauerte sie, das vorzeitige Ende der Regierungszeit, die sie aber auch als eine Zeit der \u201ePolitik, der kleinen Schritte\u201c in Erinnerung behalten wird.&nbsp;<\/p>\n\n\n\n<p>Auch Jens-Christian Winkler lie\u00df in seiner pers\u00f6nlichen Vorstellung noch einmal die letzten f\u00fcnf Jahre Kreisarbeit, insbesondere den Tierschutz, Revue passieren und machte deutlich, dass man als Politiker und da besonders als Kommunalpolitiker nur Erfolg haben kann, wenn man das Miteinander sucht und auf die Verantwortlichen zugeht, ihnen zuh\u00f6rt und mit ihnen spricht.&nbsp;<\/p>\n\n\n\n<p>Der Bogen wurde gespannt von Nutztierhaltung \u00fcber Tiertransporte und gesetzlichen Regelungen bis hin zur Privattierhaltung und der finanziellen Situation kommunaler Tierheime. Es wurden M\u00f6glichkeiten angesprochen, \u00fcber F\u00f6rdert\u00f6pfe bessere Rahmenbedingungen zum Wohl der Tiere zu schaffen.&nbsp;<\/p>\n\n\n\n<p>Die Veranstaltung gewann zunehmend an Eigendynamik je mehr sich das aus Fachleuten und fachkundigen Ehrenamtlern besetzte Publikum mit Fragen, Anmerkungen und Anregungen zu Wort meldete.&nbsp;<\/p>\n\n\n\n<p>Die urspr\u00fcnglich auf eine Stunde angesetzte Veranstaltung wurde erst nach 2 Stunden beendet, fand aber im informellen Gespr\u00e4ch noch ihre Fortsetzung. Ein Fingerzeig, dass auch jenseits von Wahlk\u00e4mpfen die Politik das Gespr\u00e4ch mit den Landwirten und den vielen ehrenamtlich t\u00e4tigen Tiersch\u00fctzern vermehrt suchen sollte, ja, suchen muss. In Ophelia Nick und Jens-Christian Winkler wird man auf jeden Fall immer aufgeschlossene Zuh\u00f6rer finden, die mit sehr viel Hintergrundwissen ausgestattet auch komplexe Sachverhalte so darlegen k\u00f6nnen, dass gegenseitiges Verst\u00e4ndnis entsteht.<\/p>\n\n\n\n<p>Ulrich Deppen<\/p>\n\n\n\n<p>B\u00dcNDNIS 90\/DIE GR\u00dcNEN<\/p>\n\n\n\n<p>OV Br\u00fcggen<\/p>\n\n\n\n<figure class=\"wp-block-image size-large\"><img loading=\"lazy\" decoding=\"async\" width=\"800\" height=\"600\" src=\"https:\/\/gruenebrueggen.de\/wp-content\/uploads\/2025\/09\/signal-2025-09-01-215906_003-800x600.jpeg\" alt=\"\" class=\"wp-image-2714\" srcset=\"https:\/\/gruenebrueggen.de\/wp-content\/uploads\/2025\/09\/signal-2025-09-01-215906_003-800x600.jpeg 800w, https:\/\/gruenebrueggen.de\/wp-content\/uploads\/2025\/09\/signal-2025-09-01-215906_003-400x300.jpeg 400w, https:\/\/gruenebrueggen.de\/wp-content\/uploads\/2025\/09\/signal-2025-09-01-215906_003-768x576.jpeg 768w, https:\/\/gruenebrueggen.de\/wp-content\/uploads\/2025\/09\/signal-2025-09-01-215906_003-1536x1152.jpeg 1536w, https:\/\/gruenebrueggen.de\/wp-content\/uploads\/2025\/09\/signal-2025-09-01-215906_003.jpeg 2048w\" sizes=\"auto, (max-width: 800px) 100vw, 800px\" \/><\/figure>\n\n\n\n<figure class=\"wp-block-image size-large\"><img loading=\"lazy\" decoding=\"async\" width=\"800\" height=\"1059\" src=\"https:\/\/gruenebrueggen.de\/wp-content\/uploads\/2025\/09\/541578578_18381987427134215_9063343684181997885_n-800x1059.jpeg\" alt=\"\" class=\"wp-image-2713\" srcset=\"https:\/\/gruenebrueggen.de\/wp-content\/uploads\/2025\/09\/541578578_18381987427134215_9063343684181997885_n-800x1059.jpeg 800w, https:\/\/gruenebrueggen.de\/wp-content\/uploads\/2025\/09\/541578578_18381987427134215_9063343684181997885_n-400x530.jpeg 400w, https:\/\/gruenebrueggen.de\/wp-content\/uploads\/2025\/09\/541578578_18381987427134215_9063343684181997885_n-768x1017.jpeg 768w, https:\/\/gruenebrueggen.de\/wp-content\/uploads\/2025\/09\/541578578_18381987427134215_9063343684181997885_n-1160x1536.jpeg 1160w, https:\/\/gruenebrueggen.de\/wp-content\/uploads\/2025\/09\/541578578_18381987427134215_9063343684181997885_n.jpeg 1440w\" sizes=\"auto, (max-width: 800px) 100vw, 800px\" \/><\/figure>\n","protected":false},"excerpt":{"rendered":"<p>Am 01.09.2025 lud der Ortsverband Br\u00fcggen zu einer Veranstaltung unter der \u00dcberschrift \u201eTierschutz eine Stimme geben\u201c ein. Gekommen waren als Referenten Dr. Ophelia Nick, MdB und in der \u201eAmpel\u201c parlamentarische\u2026<\/p>\n","protected":false},"author":-1,"featured_media":2712,"comment_status":"closed","ping_status":"open","sticky":false,"template":"","format":"standard","meta":{"footnotes":""},"categories":[5],"tags":[111,130],"class_list":["post-2711","post","type-post","status-publish","format-standard","has-post-thumbnail","hentry","category-aktuelles","tag-landrat","tag-tierwohl"],"yoast_head":"<!-- This site is optimized with the Yoast SEO plugin v24.3 - https:\/\/yoast.com\/wordpress\/plugins\/seo\/ -->\n<title>R\u00fcckschau: Tierschutz eine Stimme geben - mit Ophelia Nick und Jens-Christian Winkler - Gr\u00fcne Br\u00fcggen<\/title>\n<meta name=\"description\" content=\"Am 01.09.2025 lud der Ortsverband Br\u00fcggen zu einer Veranstaltung unter der \u00dcberschrift \u201eTierschutz eine Stimme geben\u201c ein. Gekommen waren als Referenten Dr. Ophelia Nick, MdB und in der \u201eAmpel\u201c parlamentarische Staatssekret\u00e4rin im Bundesministerium f\u00fcr Landwirtschaft und Ern\u00e4hrung sowie Dr. Jens-Christian Winkler, Landratskandidat der Gr\u00fcnen im Kreis und im Kreistag Ausschussvorsitzender des Ausschusses f\u00fcr Verbraucherschutz, Ordnung und Rettungswesen\u201c, in dessen Zust\u00e4ndigkeit auch der Tierschutz im Kreis geh\u00f6rt.\" \/>\n<meta name=\"robots\" content=\"index, follow, max-snippet:-1, max-image-preview:large, max-video-preview:-1\" \/>\n<link rel=\"canonical\" href=\"https:\/\/gruenebrueggen.de\/?p=2711\" \/>\n<meta property=\"og:locale\" content=\"de_DE\" \/>\n<meta property=\"og:type\" content=\"article\" \/>\n<meta property=\"og:title\" content=\"R\u00fcckschau: Tierschutz eine Stimme geben - mit Ophelia Nick und Jens-Christian Winkler - Gr\u00fcne Br\u00fcggen\" \/>\n<meta property=\"og:description\" content=\"Am 01.09.2025 lud der Ortsverband Br\u00fcggen zu einer Veranstaltung unter der \u00dcberschrift \u201eTierschutz eine Stimme geben\u201c ein. Gekommen waren als Referenten Dr. Ophelia Nick, MdB und in der \u201eAmpel\u201c parlamentarische Staatssekret\u00e4rin im Bundesministerium f\u00fcr Landwirtschaft und Ern\u00e4hrung sowie Dr. Jens-Christian Winkler, Landratskandidat der Gr\u00fcnen im Kreis und im Kreistag Ausschussvorsitzender des Ausschusses f\u00fcr Verbraucherschutz, Ordnung und Rettungswesen\u201c, in dessen Zust\u00e4ndigkeit auch der Tierschutz im Kreis geh\u00f6rt.\" \/>\n<meta property=\"og:url\" content=\"https:\/\/gruenebrueggen.de\/?p=2711\" \/>\n<meta property=\"og:site_name\" content=\"Gr\u00fcne Br\u00fcggen\" \/>\n<meta property=\"article:publisher\" content=\"https:\/\/www.facebook.com\/gruene.bbb\/\" \/>\n<meta property=\"article:published_time\" content=\"2025-09-15T20:28:16+00:00\" \/>\n<meta property=\"article:modified_time\" content=\"2025-09-15T20:28:18+00:00\" \/>\n<meta property=\"og:image\" content=\"https:\/\/gruenebrueggen.de\/wp-content\/uploads\/2025\/09\/540763033_18381987388134215_6643789110995610982_n.jpeg\" \/>\n\t<meta property=\"og:image:width\" content=\"1440\" \/>\n\t<meta property=\"og:image:height\" content=\"1924\" \/>\n\t<meta property=\"og:image:type\" content=\"image\/jpeg\" \/>\n<meta name=\"author\" content=\"Katrin Bui\" \/>\n<meta name=\"twitter:card\" content=\"summary_large_image\" \/>\n<meta name=\"twitter:label1\" content=\"Verfasst von\" \/>\n\t<meta name=\"twitter:data1\" content=\"Katrin Bui\" \/>\n\t<meta name=\"twitter:label2\" content=\"Gesch\u00e4tzte Lesezeit\" \/>\n\t<meta name=\"twitter:data2\" content=\"4\u00a0Minuten\" \/>\n<script type=\"application\/ld+json\" class=\"yoast-schema-graph\">{\"@context\":\"https:\/\/schema.org\",\"@graph\":[{\"@type\":\"Article\",\"@id\":\"https:\/\/gruenebrueggen.de\/?p=2711#article\",\"isPartOf\":{\"@id\":\"https:\/\/gruenebrueggen.de\/?p=2711\"},\"author\":{\"name\":\"Katrin Bui\",\"@id\":\"https:\/\/gruenebrueggen.de\/#\/schema\/person\/8b241c8e15743af59dbf656a9cda1308\"},\"headline\":\"R\u00fcckschau: Tierschutz eine Stimme geben &#8211; mit Ophelia Nick und Jens-Christian Winkler\",\"datePublished\":\"2025-09-15T20:28:16+00:00\",\"dateModified\":\"2025-09-15T20:28:18+00:00\",\"mainEntityOfPage\":{\"@id\":\"https:\/\/gruenebrueggen.de\/?p=2711\"},\"wordCount\":515,\"publisher\":{\"@id\":\"https:\/\/gruenebrueggen.de\/#organization\"},\"image\":{\"@id\":\"https:\/\/gruenebrueggen.de\/?p=2711#primaryimage\"},\"thumbnailUrl\":\"https:\/\/gruenebrueggen.de\/wp-content\/uploads\/2025\/09\/540763033_18381987388134215_6643789110995610982_n.jpeg\",\"keywords\":[\"Landrat\",\"tierwohl\"],\"articleSection\":[\"Aktuelles\"],\"inLanguage\":\"de\"},{\"@type\":\"WebPage\",\"@id\":\"https:\/\/gruenebrueggen.de\/?p=2711\",\"url\":\"https:\/\/gruenebrueggen.de\/?p=2711\",\"name\":\"R\u00fcckschau: Tierschutz eine Stimme geben - mit Ophelia Nick und Jens-Christian Winkler - Gr\u00fcne Br\u00fcggen\",\"isPartOf\":{\"@id\":\"https:\/\/gruenebrueggen.de\/#website\"},\"primaryImageOfPage\":{\"@id\":\"https:\/\/gruenebrueggen.de\/?p=2711#primaryimage\"},\"image\":{\"@id\":\"https:\/\/gruenebrueggen.de\/?p=2711#primaryimage\"},\"thumbnailUrl\":\"https:\/\/gruenebrueggen.de\/wp-content\/uploads\/2025\/09\/540763033_18381987388134215_6643789110995610982_n.jpeg\",\"datePublished\":\"2025-09-15T20:28:16+00:00\",\"dateModified\":\"2025-09-15T20:28:18+00:00\",\"description\":\"Am 01.09.2025 lud der Ortsverband Br\u00fcggen zu einer Veranstaltung unter der \u00dcberschrift \u201eTierschutz eine Stimme geben\u201c ein. Gekommen waren als Referenten Dr. Ophelia Nick, MdB und in der \u201eAmpel\u201c parlamentarische Staatssekret\u00e4rin im Bundesministerium f\u00fcr Landwirtschaft und Ern\u00e4hrung sowie Dr. Jens-Christian Winkler, Landratskandidat der Gr\u00fcnen im Kreis und im Kreistag Ausschussvorsitzender des Ausschusses f\u00fcr Verbraucherschutz, Ordnung und Rettungswesen\u201c, in dessen Zust\u00e4ndigkeit auch der Tierschutz im Kreis geh\u00f6rt.\",\"breadcrumb\":{\"@id\":\"https:\/\/gruenebrueggen.de\/?p=2711#breadcrumb\"},\"inLanguage\":\"de\",\"potentialAction\":[{\"@type\":\"ReadAction\",\"target\":[\"https:\/\/gruenebrueggen.de\/?p=2711\"]}]},{\"@type\":\"ImageObject\",\"inLanguage\":\"de\",\"@id\":\"https:\/\/gruenebrueggen.de\/?p=2711#primaryimage\",\"url\":\"https:\/\/gruenebrueggen.de\/wp-content\/uploads\/2025\/09\/540763033_18381987388134215_6643789110995610982_n.jpeg\",\"contentUrl\":\"https:\/\/gruenebrueggen.de\/wp-content\/uploads\/2025\/09\/540763033_18381987388134215_6643789110995610982_n.jpeg\",\"width\":1440,\"height\":1924},{\"@type\":\"BreadcrumbList\",\"@id\":\"https:\/\/gruenebrueggen.de\/?p=2711#breadcrumb\",\"itemListElement\":[{\"@type\":\"ListItem\",\"position\":1,\"name\":\"Startseite\",\"item\":\"https:\/\/gruenebrueggen.de\/\"},{\"@type\":\"ListItem\",\"position\":2,\"name\":\"R\u00fcckschau: Tierschutz eine Stimme geben &#8211; mit Ophelia Nick und Jens-Christian Winkler\"}]},{\"@type\":\"WebSite\",\"@id\":\"https:\/\/gruenebrueggen.de\/#website\",\"url\":\"https:\/\/gruenebrueggen.de\/\",\"name\":\"Gr\u00fcne Br\u00fcggen\",\"description\":\"f\u00fcr Br\u00fcggen, Bracht &amp; Born\",\"publisher\":{\"@id\":\"https:\/\/gruenebrueggen.de\/#organization\"},\"potentialAction\":[{\"@type\":\"SearchAction\",\"target\":{\"@type\":\"EntryPoint\",\"urlTemplate\":\"https:\/\/gruenebrueggen.de\/?s={search_term_string}\"},\"query-input\":{\"@type\":\"PropertyValueSpecification\",\"valueRequired\":true,\"valueName\":\"search_term_string\"}}],\"inLanguage\":\"de\"},{\"@type\":\"Organization\",\"@id\":\"https:\/\/gruenebrueggen.de\/#organization\",\"name\":\"Gr\u00fcne Br\u00fcggen\",\"url\":\"https:\/\/gruenebrueggen.de\/\",\"logo\":{\"@type\":\"ImageObject\",\"inLanguage\":\"de\",\"@id\":\"https:\/\/gruenebrueggen.de\/#\/schema\/logo\/image\/\",\"url\":\"https:\/\/gruenebrueggen.de\/wp-content\/uploads\/2020\/06\/cropped-icon.jpg\",\"contentUrl\":\"https:\/\/gruenebrueggen.de\/wp-content\/uploads\/2020\/06\/cropped-icon.jpg\",\"width\":512,\"height\":512,\"caption\":\"Gr\u00fcne Br\u00fcggen\"},\"image\":{\"@id\":\"https:\/\/gruenebrueggen.de\/#\/schema\/logo\/image\/\"},\"sameAs\":[\"https:\/\/www.facebook.com\/gruene.bbb\/\"]},{\"@type\":\"Person\",\"@id\":\"https:\/\/gruenebrueggen.de\/#\/schema\/person\/8b241c8e15743af59dbf656a9cda1308\",\"name\":\"Katrin Bui\",\"image\":{\"@type\":\"ImageObject\",\"inLanguage\":\"de\",\"@id\":\"https:\/\/gruenebrueggen.de\/#\/schema\/person\/image\/\",\"url\":\"https:\/\/secure.gravatar.com\/avatar\/5decb2bb7b7b6bf1c8f54708d5cf860d9bc8b515b5ace7558912e0e9e4b37960?s=96&d=mm&r=g\",\"contentUrl\":\"https:\/\/secure.gravatar.com\/avatar\/5decb2bb7b7b6bf1c8f54708d5cf860d9bc8b515b5ace7558912e0e9e4b37960?s=96&d=mm&r=g\",\"caption\":\"Katrin Bui\"},\"url\":\"https:\/\/gruenebrueggen.de\/?author=36\"}]}<\/script>\n<!-- \/ Yoast SEO plugin. -->","yoast_head_json":{"title":"R\u00fcckschau: Tierschutz eine Stimme geben - mit Ophelia Nick und Jens-Christian Winkler - Gr\u00fcne Br\u00fcggen","description":"Am 01.09.2025 lud der Ortsverband Br\u00fcggen zu einer Veranstaltung unter der \u00dcberschrift \u201eTierschutz eine Stimme geben\u201c ein. Gekommen waren als Referenten Dr. Ophelia Nick, MdB und in der \u201eAmpel\u201c parlamentarische Staatssekret\u00e4rin im Bundesministerium f\u00fcr Landwirtschaft und Ern\u00e4hrung sowie Dr. Jens-Christian Winkler, Landratskandidat der Gr\u00fcnen im Kreis und im Kreistag Ausschussvorsitzender des Ausschusses f\u00fcr Verbraucherschutz, Ordnung und Rettungswesen\u201c, in dessen Zust\u00e4ndigkeit auch der Tierschutz im Kreis geh\u00f6rt.","robots":{"index":"index","follow":"follow","max-snippet":"max-snippet:-1","max-image-preview":"max-image-preview:large","max-video-preview":"max-video-preview:-1"},"canonical":"https:\/\/gruenebrueggen.de\/?p=2711","og_locale":"de_DE","og_type":"article","og_title":"R\u00fcckschau: Tierschutz eine Stimme geben - mit Ophelia Nick und Jens-Christian Winkler - Gr\u00fcne Br\u00fcggen","og_description":"Am 01.09.2025 lud der Ortsverband Br\u00fcggen zu einer Veranstaltung unter der \u00dcberschrift \u201eTierschutz eine Stimme geben\u201c ein. Gekommen waren als Referenten Dr. Ophelia Nick, MdB und in der \u201eAmpel\u201c parlamentarische Staatssekret\u00e4rin im Bundesministerium f\u00fcr Landwirtschaft und Ern\u00e4hrung sowie Dr. Jens-Christian Winkler, Landratskandidat der Gr\u00fcnen im Kreis und im Kreistag Ausschussvorsitzender des Ausschusses f\u00fcr Verbraucherschutz, Ordnung und Rettungswesen\u201c, in dessen Zust\u00e4ndigkeit auch der Tierschutz im Kreis geh\u00f6rt.","og_url":"https:\/\/gruenebrueggen.de\/?p=2711","og_site_name":"Gr\u00fcne Br\u00fcggen","article_publisher":"https:\/\/www.facebook.com\/gruene.bbb\/","article_published_time":"2025-09-15T20:28:16+00:00","article_modified_time":"2025-09-15T20:28:18+00:00","og_image":[{"width":1440,"height":1924,"url":"https:\/\/gruenebrueggen.de\/wp-content\/uploads\/2025\/09\/540763033_18381987388134215_6643789110995610982_n.jpeg","type":"image\/jpeg"}],"author":"Katrin Bui","twitter_card":"summary_large_image","twitter_misc":{"Verfasst von":"Katrin Bui","Gesch\u00e4tzte Lesezeit":"4\u00a0Minuten"},"schema":{"@context":"https:\/\/schema.org","@graph":[{"@type":"Article","@id":"https:\/\/gruenebrueggen.de\/?p=2711#article","isPartOf":{"@id":"https:\/\/gruenebrueggen.de\/?p=2711"},"author":{"name":"Katrin Bui","@id":"https:\/\/gruenebrueggen.de\/#\/schema\/person\/8b241c8e15743af59dbf656a9cda1308"},"headline":"R\u00fcckschau: Tierschutz eine Stimme geben &#8211; mit Ophelia Nick und Jens-Christian Winkler","datePublished":"2025-09-15T20:28:16+00:00","dateModified":"2025-09-15T20:28:18+00:00","mainEntityOfPage":{"@id":"https:\/\/gruenebrueggen.de\/?p=2711"},"wordCount":515,"publisher":{"@id":"https:\/\/gruenebrueggen.de\/#organization"},"image":{"@id":"https:\/\/gruenebrueggen.de\/?p=2711#primaryimage"},"thumbnailUrl":"https:\/\/gruenebrueggen.de\/wp-content\/uploads\/2025\/09\/540763033_18381987388134215_6643789110995610982_n.jpeg","keywords":["Landrat","tierwohl"],"articleSection":["Aktuelles"],"inLanguage":"de"},{"@type":"WebPage","@id":"https:\/\/gruenebrueggen.de\/?p=2711","url":"https:\/\/gruenebrueggen.de\/?p=2711","name":"R\u00fcckschau: Tierschutz eine Stimme geben - mit Ophelia Nick und Jens-Christian Winkler - Gr\u00fcne Br\u00fcggen","isPartOf":{"@id":"https:\/\/gruenebrueggen.de\/#website"},"primaryImageOfPage":{"@id":"https:\/\/gruenebrueggen.de\/?p=2711#primaryimage"},"image":{"@id":"https:\/\/gruenebrueggen.de\/?p=2711#primaryimage"},"thumbnailUrl":"https:\/\/gruenebrueggen.de\/wp-content\/uploads\/2025\/09\/540763033_18381987388134215_6643789110995610982_n.jpeg","datePublished":"2025-09-15T20:28:16+00:00","dateModified":"2025-09-15T20:28:18+00:00","description":"Am 01.09.2025 lud der Ortsverband Br\u00fcggen zu einer Veranstaltung unter der \u00dcberschrift \u201eTierschutz eine Stimme geben\u201c ein. Gekommen waren als Referenten Dr. Ophelia Nick, MdB und in der \u201eAmpel\u201c parlamentarische Staatssekret\u00e4rin im Bundesministerium f\u00fcr Landwirtschaft und Ern\u00e4hrung sowie Dr. Jens-Christian Winkler, Landratskandidat der Gr\u00fcnen im Kreis und im Kreistag Ausschussvorsitzender des Ausschusses f\u00fcr Verbraucherschutz, Ordnung und Rettungswesen\u201c, in dessen Zust\u00e4ndigkeit auch der Tierschutz im Kreis geh\u00f6rt.","breadcrumb":{"@id":"https:\/\/gruenebrueggen.de\/?p=2711#breadcrumb"},"inLanguage":"de","potentialAction":[{"@type":"ReadAction","target":["https:\/\/gruenebrueggen.de\/?p=2711"]}]},{"@type":"ImageObject","inLanguage":"de","@id":"https:\/\/gruenebrueggen.de\/?p=2711#primaryimage","url":"https:\/\/gruenebrueggen.de\/wp-content\/uploads\/2025\/09\/540763033_18381987388134215_6643789110995610982_n.jpeg","contentUrl":"https:\/\/gruenebrueggen.de\/wp-content\/uploads\/2025\/09\/540763033_18381987388134215_6643789110995610982_n.jpeg","width":1440,"height":1924},{"@type":"BreadcrumbList","@id":"https:\/\/gruenebrueggen.de\/?p=2711#breadcrumb","itemListElement":[{"@type":"ListItem","position":1,"name":"Startseite","item":"https:\/\/gruenebrueggen.de\/"},{"@type":"ListItem","position":2,"name":"R\u00fcckschau: Tierschutz eine Stimme geben &#8211; mit Ophelia Nick und Jens-Christian Winkler"}]},{"@type":"WebSite","@id":"https:\/\/gruenebrueggen.de\/#website","url":"https:\/\/gruenebrueggen.de\/","name":"Gr\u00fcne Br\u00fcggen","description":"f\u00fcr Br\u00fcggen, Bracht &amp; Born","publisher":{"@id":"https:\/\/gruenebrueggen.de\/#organization"},"potentialAction":[{"@type":"SearchAction","target":{"@type":"EntryPoint","urlTemplate":"https:\/\/gruenebrueggen.de\/?s={search_term_string}"},"query-input":{"@type":"PropertyValueSpecification","valueRequired":true,"valueName":"search_term_string"}}],"inLanguage":"de"},{"@type":"Organization","@id":"https:\/\/gruenebrueggen.de\/#organization","name":"Gr\u00fcne Br\u00fcggen","url":"https:\/\/gruenebrueggen.de\/","logo":{"@type":"ImageObject","inLanguage":"de","@id":"https:\/\/gruenebrueggen.de\/#\/schema\/logo\/image\/","url":"https:\/\/gruenebrueggen.de\/wp-content\/uploads\/2020\/06\/cropped-icon.jpg","contentUrl":"https:\/\/gruenebrueggen.de\/wp-content\/uploads\/2020\/06\/cropped-icon.jpg","width":512,"height":512,"caption":"Gr\u00fcne Br\u00fcggen"},"image":{"@id":"https:\/\/gruenebrueggen.de\/#\/schema\/logo\/image\/"},"sameAs":["https:\/\/www.facebook.com\/gruene.bbb\/"]},{"@type":"Person","@id":"https:\/\/gruenebrueggen.de\/#\/schema\/person\/8b241c8e15743af59dbf656a9cda1308","name":"Katrin Bui","image":{"@type":"ImageObject","inLanguage":"de","@id":"https:\/\/gruenebrueggen.de\/#\/schema\/person\/image\/","url":"https:\/\/secure.gravatar.com\/avatar\/5decb2bb7b7b6bf1c8f54708d5cf860d9bc8b515b5ace7558912e0e9e4b37960?s=96&d=mm&r=g","contentUrl":"https:\/\/secure.gravatar.com\/avatar\/5decb2bb7b7b6bf1c8f54708d5cf860d9bc8b515b5ace7558912e0e9e4b37960?s=96&d=mm&r=g","caption":"Katrin Bui"},"url":"https:\/\/gruenebrueggen.de\/?author=36"}]}},"_links":{"self":[{"href":"https:\/\/gruenebrueggen.de\/index.php?rest_route=\/wp\/v2\/posts\/2711","targetHints":{"allow":["GET"]}}],"collection":[{"href":"https:\/\/gruenebrueggen.de\/index.php?rest_route=\/wp\/v2\/posts"}],"about":[{"href":"https:\/\/gruenebrueggen.de\/index.php?rest_route=\/wp\/v2\/types\/post"}],"author":[{"embeddable":true,"href":"https:\/\/gruenebrueggen.de\/index.php?rest_route=\/wp\/v2\/users\/36"}],"replies":[{"embeddable":true,"href":"https:\/\/gruenebrueggen.de\/index.php?rest_route=%2Fwp%2Fv2%2Fcomments&post=2711"}],"version-history":[{"count":1,"href":"https:\/\/gruenebrueggen.de\/index.php?rest_route=\/wp\/v2\/posts\/2711\/revisions"}],"predecessor-version":[{"id":2715,"href":"https:\/\/gruenebrueggen.de\/index.php?rest_route=\/wp\/v2\/posts\/2711\/revisions\/2715"}],"wp:featuredmedia":[{"embeddable":true,"href":"https:\/\/gruenebrueggen.de\/index.php?rest_route=\/wp\/v2\/media\/2712"}],"wp:attachment":[{"href":"https:\/\/gruenebrueggen.de\/index.php?rest_route=%2Fwp%2Fv2%2Fmedia&parent=2711"}],"wp:term":[{"taxonomy":"category","embeddable":true,"href":"https:\/\/gruenebrueggen.de\/index.php?rest_route=%2Fwp%2Fv2%2Fcategories&post=2711"},{"taxonomy":"post_tag","embeddable":true,"href":"https:\/\/gruenebrueggen.de\/index.php?rest_route=%2Fwp%2Fv2%2Ftags&post=2711"}],"curies":[{"name":"wp","href":"https:\/\/api.w.org\/{rel}","templated":true}]}}