{"id":2716,"date":"2025-09-15T20:34:24","date_gmt":"2025-09-15T20:34:24","guid":{"rendered":"https:\/\/gruenebrueggen.de\/?p=2716"},"modified":"2025-09-15T20:34:26","modified_gmt":"2025-09-15T20:34:26","slug":"rueckschau-podiumsdiskussion-mit-den-landratskandidaten-annalena-roensberg-und-jens-christin-winkler","status":"publish","type":"post","link":"https:\/\/gruenebrueggen.de\/?p=2716","title":{"rendered":"R\u00fcckschau: Podiumsdiskussion mit den Landratskandidaten Annalena R\u00f6nsberg und Jens-Christin Winkler"},"content":{"rendered":"\n<p>In einer gemeinsamen Veranstaltung der Br\u00fcggener Ortsverb\u00e4nde von SPD und B\u00dcNDNIS 90\/DIE GR\u00dcNEN stellten sich in der Begegnungsst\u00e4tte L\u00fcttelbracht am Donnerstagabend die beiden Landratskandidaten Annalena R\u00f6nsberg (SPD) und Dr. Jens Christian Winkler (Gr\u00fcne) den Fragen der B\u00fcrgerschaft. Rund 2 \u00bd Stunden lang pr\u00e4sentierten die beiden Kandidaten sich und ihre politischen Sichtweisen zum Kreis und ihre Herangehensweisen im Falle einer erfolgreichen Landratswahl.\u00a0<\/p>\n\n\n\n<p>In ihren Begr\u00fc\u00dfungsworten machten beide OV-Vorsitzenden, Manuel de Sousa (SPD) und Ulrich Deppen (Gr\u00fcne), deutlich, dass es bei der Veranstaltung nicht um Schlagabtausch, harte Debatte oder Streit gehe, sondern darum, den W\u00e4hlerinnen und W\u00e4hlern die M\u00f6glichkeit zu geben, sich ein eigenes Bild von den Kandidaten zu machen.<\/p>\n\n\n\n<p>Die Diskussion war in mehrere Themenbl\u00f6cke gegliedert:<\/p>\n\n\n\n<ul class=\"wp-block-list\">\n<li><strong>Natur und Umwelt<\/strong>: Hier ging es um Fragen der Klimafolgenanpassung, den Schutz von Natur und Tierwohl sowie Ma\u00dfnahmen bei Starkregenereignissen, Feuer und sonstigen, nicht vorhersehbaren Katastrophen.<\/li>\n\n\n\n<li><strong>Wohnen und Mobilit\u00e4t<\/strong>: Die Kandidaten stellten ihre Vorstellungen f\u00fcr barrierefreie und bezahlbare Wohnungen sowie f\u00fcr einen verbesserten \u00f6ffentlichen Nahverkehr im Kreis vor.<\/li>\n\n\n\n<li><strong>Soziales und Generationen<\/strong>: Themen wie Kinderbetreuung, Gesundheitssystem, Pflegeangebote und Jugendbeteiligung standen im Mittelpunkt.<\/li>\n\n\n\n<li><strong>Finanzen\/Kreishaushalt<\/strong>: Diskutiert wurde die Situation der Kreisfinanzen, die Kreis- und Jugendumlage sowie Investitionen in Infrastruktur, Geb\u00e4ude und Natur.<\/li>\n<\/ul>\n\n\n\n<p>Die zahlreichen Fragen aus dem Publikum zeigten deutlich, wie gro\u00df das Interesse an den Zukunftsthemen des Kreises Viersen ist. Beide Kandidaten nahmen sich Zeit f\u00fcr ausf\u00fchrliche Antworten und \u00fcberzeugten mit Detailwissen, was immer wieder zu lebhaften Dialogen mit den B\u00fcrgerinnen und B\u00fcrgern f\u00fchrte.<\/p>\n\n\n\n<p>\u201eDie Menschen erwarten nicht noch mehr Debatten, sondern klare Konzepte und das Gef\u00fchl, mitgenommen zu werden\u201c, betonte Manuel de Sousa. Ulrich Deppen erg\u00e4nzte: \u201eHeute haben wir gesehen, dass politische Kultur auch bedeutet, fair zuzuh\u00f6ren, wenn unterschiedliche Wege und L\u00f6sungsans\u00e4tze vorgestellt werden. Demokratie lebt nicht vom Streit, sondern von der Meinungsvielfalt.\u201c<\/p>\n\n\n\n<p>Zum Abschluss zeigten sich beide Parteien zufrieden mit der Resonanz und k\u00fcndigten an, weiterhin Formate auch jenseits von Wahlkampfterminen zu schaffen, in denen Politik erlebbar und b\u00fcrgernah diskutiert werden kann.&#8220;<\/p>\n\n\n","protected":false},"excerpt":{"rendered":"<p>In einer gemeinsamen Veranstaltung der Br\u00fcggener Ortsverb\u00e4nde von SPD und B\u00dcNDNIS 90\/DIE GR\u00dcNEN stellten sich in der Begegnungsst\u00e4tte L\u00fcttelbracht am Donnerstagabend die beiden Landratskandidaten Annalena R\u00f6nsberg (SPD) und Dr. Jens\u2026<\/p>\n","protected":false},"author":-1,"featured_media":2717,"comment_status":"closed","ping_status":"open","sticky":false,"template":"","format":"standard","meta":{"footnotes":""},"categories":[5],"tags":[132,111],"class_list":["post-2716","post","type-post","status-publish","format-standard","has-post-thumbnail","hentry","category-aktuelles","tag-kommunwalwahl2025","tag-landrat"],"yoast_head":"<!-- This site is optimized with the Yoast SEO plugin v24.3 - https:\/\/yoast.com\/wordpress\/plugins\/seo\/ -->\n<title>R\u00fcckschau: Podiumsdiskussion mit den Landratskandidaten Annalena R\u00f6nsberg und Jens-Christin Winkler - Gr\u00fcne Br\u00fcggen<\/title>\n<meta name=\"robots\" content=\"index, follow, max-snippet:-1, max-image-preview:large, max-video-preview:-1\" \/>\n<link rel=\"canonical\" href=\"https:\/\/gruenebrueggen.de\/?p=2716\" \/>\n<meta property=\"og:locale\" content=\"de_DE\" \/>\n<meta property=\"og:type\" content=\"article\" \/>\n<meta property=\"og:title\" content=\"R\u00fcckschau: Podiumsdiskussion mit den Landratskandidaten Annalena R\u00f6nsberg und Jens-Christin Winkler - Gr\u00fcne Br\u00fcggen\" \/>\n<meta property=\"og:description\" content=\"In einer gemeinsamen Veranstaltung der Br\u00fcggener Ortsverb\u00e4nde von SPD und B\u00dcNDNIS 90\/DIE GR\u00dcNEN stellten sich in der Begegnungsst\u00e4tte L\u00fcttelbracht am Donnerstagabend die beiden Landratskandidaten Annalena R\u00f6nsberg (SPD) und Dr. Jens\u2026\" \/>\n<meta property=\"og:url\" content=\"https:\/\/gruenebrueggen.de\/?p=2716\" \/>\n<meta property=\"og:site_name\" content=\"Gr\u00fcne Br\u00fcggen\" \/>\n<meta property=\"article:publisher\" content=\"https:\/\/www.facebook.com\/gruene.bbb\/\" \/>\n<meta property=\"article:published_time\" content=\"2025-09-15T20:34:24+00:00\" \/>\n<meta property=\"article:modified_time\" content=\"2025-09-15T20:34:26+00:00\" \/>\n<meta property=\"og:image\" content=\"https:\/\/gruenebrueggen.de\/wp-content\/uploads\/2025\/09\/WhatsApp-Bild-2025-08-30-um-08.25.30_045253e7.jpeg\" \/>\n\t<meta property=\"og:image:width\" content=\"1349\" \/>\n\t<meta property=\"og:image:height\" content=\"1130\" \/>\n\t<meta property=\"og:image:type\" content=\"image\/jpeg\" \/>\n<meta name=\"author\" content=\"Katrin Bui\" \/>\n<meta name=\"twitter:card\" content=\"summary_large_image\" \/>\n<meta name=\"twitter:label1\" content=\"Verfasst von\" \/>\n\t<meta name=\"twitter:data1\" content=\"Katrin Bui\" \/>\n\t<meta name=\"twitter:label2\" content=\"Gesch\u00e4tzte Lesezeit\" \/>\n\t<meta name=\"twitter:data2\" content=\"3\u00a0Minuten\" \/>\n<script type=\"application\/ld+json\" class=\"yoast-schema-graph\">{\"@context\":\"https:\/\/schema.org\",\"@graph\":[{\"@type\":\"Article\",\"@id\":\"https:\/\/gruenebrueggen.de\/?p=2716#article\",\"isPartOf\":{\"@id\":\"https:\/\/gruenebrueggen.de\/?p=2716\"},\"author\":{\"name\":\"Katrin Bui\",\"@id\":\"https:\/\/gruenebrueggen.de\/#\/schema\/person\/8b241c8e15743af59dbf656a9cda1308\"},\"headline\":\"R\u00fcckschau: Podiumsdiskussion mit den Landratskandidaten Annalena R\u00f6nsberg und Jens-Christin Winkler\",\"datePublished\":\"2025-09-15T20:34:24+00:00\",\"dateModified\":\"2025-09-15T20:34:26+00:00\",\"mainEntityOfPage\":{\"@id\":\"https:\/\/gruenebrueggen.de\/?p=2716\"},\"wordCount\":361,\"publisher\":{\"@id\":\"https:\/\/gruenebrueggen.de\/#organization\"},\"image\":{\"@id\":\"https:\/\/gruenebrueggen.de\/?p=2716#primaryimage\"},\"thumbnailUrl\":\"https:\/\/gruenebrueggen.de\/wp-content\/uploads\/2025\/09\/WhatsApp-Bild-2025-08-30-um-08.25.30_045253e7.jpeg\",\"keywords\":[\"kommunwalwahl2025\",\"Landrat\"],\"articleSection\":[\"Aktuelles\"],\"inLanguage\":\"de\"},{\"@type\":\"WebPage\",\"@id\":\"https:\/\/gruenebrueggen.de\/?p=2716\",\"url\":\"https:\/\/gruenebrueggen.de\/?p=2716\",\"name\":\"R\u00fcckschau: Podiumsdiskussion mit den Landratskandidaten Annalena R\u00f6nsberg und Jens-Christin Winkler - Gr\u00fcne Br\u00fcggen\",\"isPartOf\":{\"@id\":\"https:\/\/gruenebrueggen.de\/#website\"},\"primaryImageOfPage\":{\"@id\":\"https:\/\/gruenebrueggen.de\/?p=2716#primaryimage\"},\"image\":{\"@id\":\"https:\/\/gruenebrueggen.de\/?p=2716#primaryimage\"},\"thumbnailUrl\":\"https:\/\/gruenebrueggen.de\/wp-content\/uploads\/2025\/09\/WhatsApp-Bild-2025-08-30-um-08.25.30_045253e7.jpeg\",\"datePublished\":\"2025-09-15T20:34:24+00:00\",\"dateModified\":\"2025-09-15T20:34:26+00:00\",\"breadcrumb\":{\"@id\":\"https:\/\/gruenebrueggen.de\/?p=2716#breadcrumb\"},\"inLanguage\":\"de\",\"potentialAction\":[{\"@type\":\"ReadAction\",\"target\":[\"https:\/\/gruenebrueggen.de\/?p=2716\"]}]},{\"@type\":\"ImageObject\",\"inLanguage\":\"de\",\"@id\":\"https:\/\/gruenebrueggen.de\/?p=2716#primaryimage\",\"url\":\"https:\/\/gruenebrueggen.de\/wp-content\/uploads\/2025\/09\/WhatsApp-Bild-2025-08-30-um-08.25.30_045253e7.jpeg\",\"contentUrl\":\"https:\/\/gruenebrueggen.de\/wp-content\/uploads\/2025\/09\/WhatsApp-Bild-2025-08-30-um-08.25.30_045253e7.jpeg\",\"width\":1349,\"height\":1130},{\"@type\":\"BreadcrumbList\",\"@id\":\"https:\/\/gruenebrueggen.de\/?p=2716#breadcrumb\",\"itemListElement\":[{\"@type\":\"ListItem\",\"position\":1,\"name\":\"Startseite\",\"item\":\"https:\/\/gruenebrueggen.de\/\"},{\"@type\":\"ListItem\",\"position\":2,\"name\":\"R\u00fcckschau: Podiumsdiskussion mit den Landratskandidaten Annalena R\u00f6nsberg und Jens-Christin Winkler\"}]},{\"@type\":\"WebSite\",\"@id\":\"https:\/\/gruenebrueggen.de\/#website\",\"url\":\"https:\/\/gruenebrueggen.de\/\",\"name\":\"Gr\u00fcne Br\u00fcggen\",\"description\":\"f\u00fcr Br\u00fcggen, Bracht &amp; Born\",\"publisher\":{\"@id\":\"https:\/\/gruenebrueggen.de\/#organization\"},\"potentialAction\":[{\"@type\":\"SearchAction\",\"target\":{\"@type\":\"EntryPoint\",\"urlTemplate\":\"https:\/\/gruenebrueggen.de\/?s={search_term_string}\"},\"query-input\":{\"@type\":\"PropertyValueSpecification\",\"valueRequired\":true,\"valueName\":\"search_term_string\"}}],\"inLanguage\":\"de\"},{\"@type\":\"Organization\",\"@id\":\"https:\/\/gruenebrueggen.de\/#organization\",\"name\":\"Gr\u00fcne Br\u00fcggen\",\"url\":\"https:\/\/gruenebrueggen.de\/\",\"logo\":{\"@type\":\"ImageObject\",\"inLanguage\":\"de\",\"@id\":\"https:\/\/gruenebrueggen.de\/#\/schema\/logo\/image\/\",\"url\":\"https:\/\/gruenebrueggen.de\/wp-content\/uploads\/2020\/06\/cropped-icon.jpg\",\"contentUrl\":\"https:\/\/gruenebrueggen.de\/wp-content\/uploads\/2020\/06\/cropped-icon.jpg\",\"width\":512,\"height\":512,\"caption\":\"Gr\u00fcne Br\u00fcggen\"},\"image\":{\"@id\":\"https:\/\/gruenebrueggen.de\/#\/schema\/logo\/image\/\"},\"sameAs\":[\"https:\/\/www.facebook.com\/gruene.bbb\/\"]},{\"@type\":\"Person\",\"@id\":\"https:\/\/gruenebrueggen.de\/#\/schema\/person\/8b241c8e15743af59dbf656a9cda1308\",\"name\":\"Katrin Bui\",\"image\":{\"@type\":\"ImageObject\",\"inLanguage\":\"de\",\"@id\":\"https:\/\/gruenebrueggen.de\/#\/schema\/person\/image\/\",\"url\":\"https:\/\/secure.gravatar.com\/avatar\/5decb2bb7b7b6bf1c8f54708d5cf860d9bc8b515b5ace7558912e0e9e4b37960?s=96&d=mm&r=g\",\"contentUrl\":\"https:\/\/secure.gravatar.com\/avatar\/5decb2bb7b7b6bf1c8f54708d5cf860d9bc8b515b5ace7558912e0e9e4b37960?s=96&d=mm&r=g\",\"caption\":\"Katrin Bui\"},\"url\":\"https:\/\/gruenebrueggen.de\/?author=36\"}]}<\/script>\n<!-- \/ Yoast SEO plugin. -->","yoast_head_json":{"title":"R\u00fcckschau: Podiumsdiskussion mit den Landratskandidaten Annalena R\u00f6nsberg und Jens-Christin Winkler - Gr\u00fcne Br\u00fcggen","robots":{"index":"index","follow":"follow","max-snippet":"max-snippet:-1","max-image-preview":"max-image-preview:large","max-video-preview":"max-video-preview:-1"},"canonical":"https:\/\/gruenebrueggen.de\/?p=2716","og_locale":"de_DE","og_type":"article","og_title":"R\u00fcckschau: Podiumsdiskussion mit den Landratskandidaten Annalena R\u00f6nsberg und Jens-Christin Winkler - Gr\u00fcne Br\u00fcggen","og_description":"In einer gemeinsamen Veranstaltung der Br\u00fcggener Ortsverb\u00e4nde von SPD und B\u00dcNDNIS 90\/DIE GR\u00dcNEN stellten sich in der Begegnungsst\u00e4tte L\u00fcttelbracht am Donnerstagabend die beiden Landratskandidaten Annalena R\u00f6nsberg (SPD) und Dr. Jens\u2026","og_url":"https:\/\/gruenebrueggen.de\/?p=2716","og_site_name":"Gr\u00fcne Br\u00fcggen","article_publisher":"https:\/\/www.facebook.com\/gruene.bbb\/","article_published_time":"2025-09-15T20:34:24+00:00","article_modified_time":"2025-09-15T20:34:26+00:00","og_image":[{"width":1349,"height":1130,"url":"https:\/\/gruenebrueggen.de\/wp-content\/uploads\/2025\/09\/WhatsApp-Bild-2025-08-30-um-08.25.30_045253e7.jpeg","type":"image\/jpeg"}],"author":"Katrin Bui","twitter_card":"summary_large_image","twitter_misc":{"Verfasst von":"Katrin Bui","Gesch\u00e4tzte Lesezeit":"3\u00a0Minuten"},"schema":{"@context":"https:\/\/schema.org","@graph":[{"@type":"Article","@id":"https:\/\/gruenebrueggen.de\/?p=2716#article","isPartOf":{"@id":"https:\/\/gruenebrueggen.de\/?p=2716"},"author":{"name":"Katrin Bui","@id":"https:\/\/gruenebrueggen.de\/#\/schema\/person\/8b241c8e15743af59dbf656a9cda1308"},"headline":"R\u00fcckschau: Podiumsdiskussion mit den Landratskandidaten Annalena R\u00f6nsberg und Jens-Christin Winkler","datePublished":"2025-09-15T20:34:24+00:00","dateModified":"2025-09-15T20:34:26+00:00","mainEntityOfPage":{"@id":"https:\/\/gruenebrueggen.de\/?p=2716"},"wordCount":361,"publisher":{"@id":"https:\/\/gruenebrueggen.de\/#organization"},"image":{"@id":"https:\/\/gruenebrueggen.de\/?p=2716#primaryimage"},"thumbnailUrl":"https:\/\/gruenebrueggen.de\/wp-content\/uploads\/2025\/09\/WhatsApp-Bild-2025-08-30-um-08.25.30_045253e7.jpeg","keywords":["kommunwalwahl2025","Landrat"],"articleSection":["Aktuelles"],"inLanguage":"de"},{"@type":"WebPage","@id":"https:\/\/gruenebrueggen.de\/?p=2716","url":"https:\/\/gruenebrueggen.de\/?p=2716","name":"R\u00fcckschau: Podiumsdiskussion mit den Landratskandidaten Annalena R\u00f6nsberg und Jens-Christin Winkler - Gr\u00fcne Br\u00fcggen","isPartOf":{"@id":"https:\/\/gruenebrueggen.de\/#website"},"primaryImageOfPage":{"@id":"https:\/\/gruenebrueggen.de\/?p=2716#primaryimage"},"image":{"@id":"https:\/\/gruenebrueggen.de\/?p=2716#primaryimage"},"thumbnailUrl":"https:\/\/gruenebrueggen.de\/wp-content\/uploads\/2025\/09\/WhatsApp-Bild-2025-08-30-um-08.25.30_045253e7.jpeg","datePublished":"2025-09-15T20:34:24+00:00","dateModified":"2025-09-15T20:34:26+00:00","breadcrumb":{"@id":"https:\/\/gruenebrueggen.de\/?p=2716#breadcrumb"},"inLanguage":"de","potentialAction":[{"@type":"ReadAction","target":["https:\/\/gruenebrueggen.de\/?p=2716"]}]},{"@type":"ImageObject","inLanguage":"de","@id":"https:\/\/gruenebrueggen.de\/?p=2716#primaryimage","url":"https:\/\/gruenebrueggen.de\/wp-content\/uploads\/2025\/09\/WhatsApp-Bild-2025-08-30-um-08.25.30_045253e7.jpeg","contentUrl":"https:\/\/gruenebrueggen.de\/wp-content\/uploads\/2025\/09\/WhatsApp-Bild-2025-08-30-um-08.25.30_045253e7.jpeg","width":1349,"height":1130},{"@type":"BreadcrumbList","@id":"https:\/\/gruenebrueggen.de\/?p=2716#breadcrumb","itemListElement":[{"@type":"ListItem","position":1,"name":"Startseite","item":"https:\/\/gruenebrueggen.de\/"},{"@type":"ListItem","position":2,"name":"R\u00fcckschau: Podiumsdiskussion mit den Landratskandidaten Annalena R\u00f6nsberg und Jens-Christin Winkler"}]},{"@type":"WebSite","@id":"https:\/\/gruenebrueggen.de\/#website","url":"https:\/\/gruenebrueggen.de\/","name":"Gr\u00fcne Br\u00fcggen","description":"f\u00fcr Br\u00fcggen, Bracht &amp; Born","publisher":{"@id":"https:\/\/gruenebrueggen.de\/#organization"},"potentialAction":[{"@type":"SearchAction","target":{"@type":"EntryPoint","urlTemplate":"https:\/\/gruenebrueggen.de\/?s={search_term_string}"},"query-input":{"@type":"PropertyValueSpecification","valueRequired":true,"valueName":"search_term_string"}}],"inLanguage":"de"},{"@type":"Organization","@id":"https:\/\/gruenebrueggen.de\/#organization","name":"Gr\u00fcne Br\u00fcggen","url":"https:\/\/gruenebrueggen.de\/","logo":{"@type":"ImageObject","inLanguage":"de","@id":"https:\/\/gruenebrueggen.de\/#\/schema\/logo\/image\/","url":"https:\/\/gruenebrueggen.de\/wp-content\/uploads\/2020\/06\/cropped-icon.jpg","contentUrl":"https:\/\/gruenebrueggen.de\/wp-content\/uploads\/2020\/06\/cropped-icon.jpg","width":512,"height":512,"caption":"Gr\u00fcne Br\u00fcggen"},"image":{"@id":"https:\/\/gruenebrueggen.de\/#\/schema\/logo\/image\/"},"sameAs":["https:\/\/www.facebook.com\/gruene.bbb\/"]},{"@type":"Person","@id":"https:\/\/gruenebrueggen.de\/#\/schema\/person\/8b241c8e15743af59dbf656a9cda1308","name":"Katrin Bui","image":{"@type":"ImageObject","inLanguage":"de","@id":"https:\/\/gruenebrueggen.de\/#\/schema\/person\/image\/","url":"https:\/\/secure.gravatar.com\/avatar\/5decb2bb7b7b6bf1c8f54708d5cf860d9bc8b515b5ace7558912e0e9e4b37960?s=96&d=mm&r=g","contentUrl":"https:\/\/secure.gravatar.com\/avatar\/5decb2bb7b7b6bf1c8f54708d5cf860d9bc8b515b5ace7558912e0e9e4b37960?s=96&d=mm&r=g","caption":"Katrin Bui"},"url":"https:\/\/gruenebrueggen.de\/?author=36"}]}},"_links":{"self":[{"href":"https:\/\/gruenebrueggen.de\/index.php?rest_route=\/wp\/v2\/posts\/2716","targetHints":{"allow":["GET"]}}],"collection":[{"href":"https:\/\/gruenebrueggen.de\/index.php?rest_route=\/wp\/v2\/posts"}],"about":[{"href":"https:\/\/gruenebrueggen.de\/index.php?rest_route=\/wp\/v2\/types\/post"}],"author":[{"embeddable":true,"href":"https:\/\/gruenebrueggen.de\/index.php?rest_route=\/wp\/v2\/users\/36"}],"replies":[{"embeddable":true,"href":"https:\/\/gruenebrueggen.de\/index.php?rest_route=%2Fwp%2Fv2%2Fcomments&post=2716"}],"version-history":[{"count":1,"href":"https:\/\/gruenebrueggen.de\/index.php?rest_route=\/wp\/v2\/posts\/2716\/revisions"}],"predecessor-version":[{"id":2719,"href":"https:\/\/gruenebrueggen.de\/index.php?rest_route=\/wp\/v2\/posts\/2716\/revisions\/2719"}],"wp:featuredmedia":[{"embeddable":true,"href":"https:\/\/gruenebrueggen.de\/index.php?rest_route=\/wp\/v2\/media\/2717"}],"wp:attachment":[{"href":"https:\/\/gruenebrueggen.de\/index.php?rest_route=%2Fwp%2Fv2%2Fmedia&parent=2716"}],"wp:term":[{"taxonomy":"category","embeddable":true,"href":"https:\/\/gruenebrueggen.de\/index.php?rest_route=%2Fwp%2Fv2%2Fcategories&post=2716"},{"taxonomy":"post_tag","embeddable":true,"href":"https:\/\/gruenebrueggen.de\/index.php?rest_route=%2Fwp%2Fv2%2Ftags&post=2716"}],"curies":[{"name":"wp","href":"https:\/\/api.w.org\/{rel}","templated":true}]}}